{"id":9875,"date":"2020-09-02T17:46:33","date_gmt":"2020-09-02T22:46:33","guid":{"rendered":"http:\/\/www.socialiteen.com\/?p=9875"},"modified":"2020-09-02T17:46:33","modified_gmt":"2020-09-02T22:46:33","slug":"lo-mejor-de-la-red-carpet-del-festival-de-cine-de-venecia","status":"publish","type":"post","link":"https:\/\/www.socialiteen.com\/?p=9875","title":{"rendered":"Lo mejor de la red carpet del Festival de Cine de Venecia"},"content":{"rendered":"<p style=\"text-align: justify;\">Luego de ponerse en duda durante las ultimas semanas por la situaci\u00f3n sanitaria a nivel mundial, por fin dio inicio la 77 edici\u00f3n del Festival de Cine de Venecia donde algunas celebrities asistieron a la red carpet de la pel\u00edcula&#8221;Lacci&#8221; de Daniele Luchetti, la cual arranco con las actividades del festival , cinta que desenreda los v\u00ednculos m\u00e1s ocultos del desamor y la traici\u00f3n.<\/p>\n<p style=\"text-align: justify;\">Pese a la situaci\u00f3n del covid 19 regresaron las alfombras rojas, claramente manteniendo las medidas de seguridad donde las mascarillas aparecieron en diversos looks,\u00a0 mandando un\u00a0mensaje de positivismo al mundo de la moda y del cine despu\u00e9s del confinamiento.<\/p>\n<p style=\"text-align: justify;\">En una de las cunas de la moda como lo es Italia, las celebrities invitadas llegaron previa a la funci\u00f3n donde la que m\u00e1s robo miradas fue la espa\u00f1ola Ester Exp\u00f3sito, la protagonista de exitosa serie de Netflix &#8220;\u00c9lite&#8221; quien deslumbro a todos los presentes al portar un\u00a0 vestido\u00a0de Etro\u00a0\u00a0colecci\u00f3n de primavera-verano 2020, de color blanco y ajustado con un sexy escote en la espalda el cual se reforzaba con una cola media, combinado con el makeup luminoso de Charlotte Tilbury y joyeria de Bulgari.<\/p>\n<p style=\"text-align: center;\"><img loading=\"lazy\" decoding=\"async\" class=\"aligncenter  wp-image-9877\" alt=\"ester exposito venezia\" src=\"https:\/\/www.socialiteen.com\/wp-content\/uploads\/2020\/09\/ester-exposito-venezia.jpg\" width=\"615\" height=\"922\" srcset=\"https:\/\/www.socialiteen.com\/wp-content\/uploads\/2020\/09\/ester-exposito-venezia.jpg 683w, https:\/\/www.socialiteen.com\/wp-content\/uploads\/2020\/09\/ester-exposito-venezia-200x300.jpg 200w\" sizes=\"auto, (max-width: 615px) 100vw, 615px\" \/><\/p>\n<p style=\"text-align: justify;\">\n<p style=\"text-align: justify;\">En cuanto actores, el mexicano Alejandro Speitzer robo las miradas de las italianas en la alfombra roja al portar un elegante tuxedo de &#8220;Etro&#8221; acompa\u00f1ado por zapatos de Christian Louboutin y joyeria Bulgari.<\/p>\n<p style=\"text-align: center;\"><img loading=\"lazy\" decoding=\"async\" class=\"aligncenter  wp-image-9878\" alt=\"victorblancostudio_118623029_1417717285091968_7570935694710842078_n\" src=\"https:\/\/www.socialiteen.com\/wp-content\/uploads\/2020\/09\/victorblancostudio_118623029_1417717285091968_7570935694710842078_n-675x1024.jpg\" width=\"608\" height=\"922\" srcset=\"https:\/\/www.socialiteen.com\/wp-content\/uploads\/2020\/09\/victorblancostudio_118623029_1417717285091968_7570935694710842078_n-675x1024.jpg 675w, https:\/\/www.socialiteen.com\/wp-content\/uploads\/2020\/09\/victorblancostudio_118623029_1417717285091968_7570935694710842078_n-197x300.jpg 197w, https:\/\/www.socialiteen.com\/wp-content\/uploads\/2020\/09\/victorblancostudio_118623029_1417717285091968_7570935694710842078_n.jpg 712w\" sizes=\"auto, (max-width: 608px) 100vw, 608px\" \/><\/p>\n<p style=\"text-align: justify;\">La modelo internacional Taylor Hill aposto por un vestido largo estilo boho-chic con aperturas en la zona del abdomen, media cola y estampado floral de la marca &#8220;Etro&#8221;<\/p>\n<p style=\"text-align: center;\"><img loading=\"lazy\" decoding=\"async\" class=\"aligncenter  wp-image-9876\" alt=\"taylor\" src=\"https:\/\/www.socialiteen.com\/wp-content\/uploads\/2020\/09\/Taylor+Hill+Lacci+Red+Carpet+Opening+Ceremony+iuWquqmLtyyx.jpg\" width=\"615\" height=\"922\" srcset=\"https:\/\/www.socialiteen.com\/wp-content\/uploads\/2020\/09\/Taylor+Hill+Lacci+Red+Carpet+Opening+Ceremony+iuWquqmLtyyx.jpg 683w, https:\/\/www.socialiteen.com\/wp-content\/uploads\/2020\/09\/Taylor+Hill+Lacci+Red+Carpet+Opening+Ceremony+iuWquqmLtyyx-200x300.jpg 200w\" sizes=\"auto, (max-width: 615px) 100vw, 615px\" \/><\/p>\n<p style=\"text-align: justify;\">La cantante Elodie aprovecho la ocasi\u00f3n para modelar un vestido de Versace metalizado, con el toque encorsetado, el cual justaba perfectamente su figura.<\/p>\n<p style=\"text-align: center;\"><img loading=\"lazy\" decoding=\"async\" class=\"aligncenter  wp-image-9879\" alt=\"elodie \" src=\"https:\/\/www.socialiteen.com\/wp-content\/uploads\/2020\/09\/Elodie+Lacci+Red+Carpet+Opening+Ceremony+Red+QYaXYUFzEIfx.jpg\" width=\"615\" height=\"922\" srcset=\"https:\/\/www.socialiteen.com\/wp-content\/uploads\/2020\/09\/Elodie+Lacci+Red+Carpet+Opening+Ceremony+Red+QYaXYUFzEIfx.jpg 683w, https:\/\/www.socialiteen.com\/wp-content\/uploads\/2020\/09\/Elodie+Lacci+Red+Carpet+Opening+Ceremony+Red+QYaXYUFzEIfx-200x300.jpg 200w\" sizes=\"auto, (max-width: 615px) 100vw, 615px\" \/><\/p>\n<div id=\"wp_fb_like_button\" style=\"margin:5px 5px 5px 0;float:left;height:100px;\"><script src=\"http:\/\/connect.facebook.net\/en_US\/all.js#xfbml=1\"><\/script><fb:like href=\"https:\/\/www.socialiteen.com\/?p=9875\" send=\"true\" layout=\"box_count\" width=\"450\" show_faces=\"true\" font=\"arial\" action=\"like\" colorscheme=\"light\"><\/fb:like><\/div>","protected":false},"excerpt":{"rendered":"<p>Luego de ponerse en duda durante las ultimas semanas por la situaci\u00f3n sanitaria a nivel mundial, por fin dio inicio la 77 edici\u00f3n del Festival de Cine de Venecia donde algunas celebrities asistieron a la red carpet de la pel\u00edcula&#8221;Lacci&#8221; de Daniele Luchetti, la cual arranco con las actividades del festival , cinta que desenreda [&hellip;]<\/p>\n","protected":false},"author":94,"featured_media":9880,"comment_status":"open","ping_status":"closed","sticky":false,"template":"","format":"standard","meta":{"footnotes":""},"categories":[10,16,12],"tags":[],"class_list":["post-9875","post","type-post","status-publish","format-standard","has-post-thumbnail","hentry","category-cine","category-famosos","category-moda"],"_links":{"self":[{"href":"https:\/\/www.socialiteen.com\/index.php?rest_route=\/wp\/v2\/posts\/9875","targetHints":{"allow":["GET"]}}],"collection":[{"href":"https:\/\/www.socialiteen.com\/index.php?rest_route=\/wp\/v2\/posts"}],"about":[{"href":"https:\/\/www.socialiteen.com\/index.php?rest_route=\/wp\/v2\/types\/post"}],"author":[{"embeddable":true,"href":"https:\/\/www.socialiteen.com\/index.php?rest_route=\/wp\/v2\/users\/94"}],"replies":[{"embeddable":true,"href":"https:\/\/www.socialiteen.com\/index.php?rest_route=%2Fwp%2Fv2%2Fcomments&post=9875"}],"version-history":[{"count":2,"href":"https:\/\/www.socialiteen.com\/index.php?rest_route=\/wp\/v2\/posts\/9875\/revisions"}],"predecessor-version":[{"id":9882,"href":"https:\/\/www.socialiteen.com\/index.php?rest_route=\/wp\/v2\/posts\/9875\/revisions\/9882"}],"wp:featuredmedia":[{"embeddable":true,"href":"https:\/\/www.socialiteen.com\/index.php?rest_route=\/wp\/v2\/media\/9880"}],"wp:attachment":[{"href":"https:\/\/www.socialiteen.com\/index.php?rest_route=%2Fwp%2Fv2%2Fmedia&parent=9875"}],"wp:term":[{"taxonomy":"category","embeddable":true,"href":"https:\/\/www.socialiteen.com\/index.php?rest_route=%2Fwp%2Fv2%2Fcategories&post=9875"},{"taxonomy":"post_tag","embeddable":true,"href":"https:\/\/www.socialiteen.com\/index.php?rest_route=%2Fwp%2Fv2%2Ftags&post=9875"}],"curies":[{"name":"wp","href":"https:\/\/api.w.org\/{rel}","templated":true}]}}