{"id":8086,"date":"2018-08-28T20:44:35","date_gmt":"2018-08-29T01:44:35","guid":{"rendered":"http:\/\/www.socialiteen.com\/?p=8086"},"modified":"2018-11-08T08:19:28","modified_gmt":"2018-11-08T14:19:28","slug":"dolce-gabbana-invade-mexico","status":"publish","type":"post","link":"https:\/\/www.socialiteen.com\/?p=8086","title":{"rendered":"Dolce &#038; Gabbana invade M\u00e9xico"},"content":{"rendered":"<p style=\"text-align: justify;\">\u00a0Domenico Dolce y Stefano Gabbana invaden M\u00e9xico con la moda italiana, este mi\u00e9rcoles la Ciudad de M\u00e9xico disfruto de la pasarela de Dolce &amp; Gabbana, primera presentaci\u00f3n en todo Latinoam\u00e9rica del d\u00fao de dise\u00f1adores.<\/p>\n<p style=\"text-align: justify;\">Mostrando dise\u00f1os inspirados en la cultura mexicana, los italianos demostraron el cari\u00f1o que le tienen a M\u00e9xico.<\/p>\n<p style=\"text-align: justify;\"><img loading=\"lazy\" decoding=\"async\" class=\"aligncenter size-full wp-image-8087\" alt=\"dg\" src=\"https:\/\/www.socialiteen.com\/wp-content\/uploads\/2018\/04\/dg.jpg\" width=\"480\" height=\"480\" srcset=\"https:\/\/www.socialiteen.com\/wp-content\/uploads\/2018\/04\/dg.jpg 480w, https:\/\/www.socialiteen.com\/wp-content\/uploads\/2018\/04\/dg-150x150.jpg 150w, https:\/\/www.socialiteen.com\/wp-content\/uploads\/2018\/04\/dg-300x300.jpg 300w\" sizes=\"auto, (max-width: 480px) 100vw, 480px\" \/><\/p>\n<p style=\"text-align: justify;\">Con puro talento mexicano en pasarela, modelos e influencers engalanaron el sal\u00f3n del\u00a0\u00a0Museo Soumaya, digno escenario para la ocasi\u00f3n.<\/p>\n<p style=\"text-align: justify;\"><img loading=\"lazy\" decoding=\"async\" class=\"aligncenter size-full wp-image-8088\" alt=\"dg2\" src=\"https:\/\/www.socialiteen.com\/wp-content\/uploads\/2018\/04\/dg2.jpg\" width=\"480\" height=\"480\" srcset=\"https:\/\/www.socialiteen.com\/wp-content\/uploads\/2018\/04\/dg2.jpg 480w, https:\/\/www.socialiteen.com\/wp-content\/uploads\/2018\/04\/dg2-150x150.jpg 150w, https:\/\/www.socialiteen.com\/wp-content\/uploads\/2018\/04\/dg2-300x300.jpg 300w\" sizes=\"auto, (max-width: 480px) 100vw, 480px\" \/><\/p>\n<p style=\"text-align: justify;\">La invitada especial fue Sophia Loren, quien llego con los dise\u00f1adores y aprovecharon la ocasi\u00f3n para saludar a los mexicanos que esperaban en el recinto, de igual forma el empresario Carlos Slim fue uno de los invitados estelares.<\/p>\n<p style=\"text-align: justify;\"><img loading=\"lazy\" decoding=\"async\" class=\"aligncenter size-full wp-image-8090\" alt=\"dg56\" src=\"https:\/\/www.socialiteen.com\/wp-content\/uploads\/2018\/04\/dg56.jpg\" width=\"432\" height=\"540\" srcset=\"https:\/\/www.socialiteen.com\/wp-content\/uploads\/2018\/04\/dg56.jpg 432w, https:\/\/www.socialiteen.com\/wp-content\/uploads\/2018\/04\/dg56-240x300.jpg 240w\" sizes=\"auto, (max-width: 432px) 100vw, 432px\" \/><\/p>\n<p style=\"text-align: justify;\">La visita de los dise\u00f1adores continua hoy Jueves al presentar un c\u00f3ctel en reconocida tienda departamental.<\/p>\n<p style=\"text-align: justify;\"><img loading=\"lazy\" decoding=\"async\" class=\"aligncenter size-full wp-image-8089\" alt=\"dg3\" src=\"https:\/\/www.socialiteen.com\/wp-content\/uploads\/2018\/04\/dg3.jpg\" width=\"480\" height=\"600\" srcset=\"https:\/\/www.socialiteen.com\/wp-content\/uploads\/2018\/04\/dg3.jpg 480w, https:\/\/www.socialiteen.com\/wp-content\/uploads\/2018\/04\/dg3-240x300.jpg 240w\" sizes=\"auto, (max-width: 480px) 100vw, 480px\" \/><\/p>\n<p><strong><a href=\"https:\/\/twitter.com\/sociali_teen\" target=\"_blank\"><img loading=\"lazy\" decoding=\"async\" alt=\"Twitter-logo2\" src=\"https:\/\/www.socialiteen.com\/wp-content\/uploads\/2016\/04\/Twitter-logo2.png\" width=\"58\" height=\"58\" \/><\/a><\/strong><strong><a href=\"https:\/\/twitter.com\/sociali_teen\" target=\"_blank\">S\u00edguenos en Twitter<\/a><\/strong><\/p>\n<p>&nbsp;<\/p>\n<div id=\"wp_fb_like_button\" style=\"margin:5px 5px 5px 0;float:left;height:100px;\"><script src=\"http:\/\/connect.facebook.net\/en_US\/all.js#xfbml=1\"><\/script><fb:like href=\"https:\/\/www.socialiteen.com\/?p=8086\" send=\"true\" layout=\"box_count\" width=\"450\" show_faces=\"true\" font=\"arial\" action=\"like\" colorscheme=\"light\"><\/fb:like><\/div>","protected":false},"excerpt":{"rendered":"<p>\u00a0Domenico Dolce y Stefano Gabbana invaden M\u00e9xico con la moda italiana, este mi\u00e9rcoles la Ciudad de M\u00e9xico disfruto de la pasarela de Dolce &amp; Gabbana, primera presentaci\u00f3n en todo Latinoam\u00e9rica del d\u00fao de dise\u00f1adores. Mostrando dise\u00f1os inspirados en la cultura mexicana, los italianos demostraron el cari\u00f1o que le tienen a M\u00e9xico. Con puro talento mexicano [&hellip;]<\/p>\n","protected":false},"author":94,"featured_media":8091,"comment_status":"open","ping_status":"closed","sticky":false,"template":"","format":"standard","meta":{"footnotes":""},"categories":[13,12,17],"tags":[],"class_list":["post-8086","post","type-post","status-publish","format-standard","has-post-thumbnail","hentry","category-eventos","category-moda","category-patrocinadores"],"_links":{"self":[{"href":"https:\/\/www.socialiteen.com\/index.php?rest_route=\/wp\/v2\/posts\/8086","targetHints":{"allow":["GET"]}}],"collection":[{"href":"https:\/\/www.socialiteen.com\/index.php?rest_route=\/wp\/v2\/posts"}],"about":[{"href":"https:\/\/www.socialiteen.com\/index.php?rest_route=\/wp\/v2\/types\/post"}],"author":[{"embeddable":true,"href":"https:\/\/www.socialiteen.com\/index.php?rest_route=\/wp\/v2\/users\/94"}],"replies":[{"embeddable":true,"href":"https:\/\/www.socialiteen.com\/index.php?rest_route=%2Fwp%2Fv2%2Fcomments&post=8086"}],"version-history":[{"count":3,"href":"https:\/\/www.socialiteen.com\/index.php?rest_route=\/wp\/v2\/posts\/8086\/revisions"}],"predecessor-version":[{"id":8093,"href":"https:\/\/www.socialiteen.com\/index.php?rest_route=\/wp\/v2\/posts\/8086\/revisions\/8093"}],"wp:featuredmedia":[{"embeddable":true,"href":"https:\/\/www.socialiteen.com\/index.php?rest_route=\/wp\/v2\/media\/8091"}],"wp:attachment":[{"href":"https:\/\/www.socialiteen.com\/index.php?rest_route=%2Fwp%2Fv2%2Fmedia&parent=8086"}],"wp:term":[{"taxonomy":"category","embeddable":true,"href":"https:\/\/www.socialiteen.com\/index.php?rest_route=%2Fwp%2Fv2%2Fcategories&post=8086"},{"taxonomy":"post_tag","embeddable":true,"href":"https:\/\/www.socialiteen.com\/index.php?rest_route=%2Fwp%2Fv2%2Ftags&post=8086"}],"curies":[{"name":"wp","href":"https:\/\/api.w.org\/{rel}","templated":true}]}}