{"id":7440,"date":"2017-10-12T18:57:41","date_gmt":"2017-10-12T23:57:41","guid":{"rendered":"http:\/\/www.socialiteen.com\/?p=7440"},"modified":"2017-10-12T19:05:13","modified_gmt":"2017-10-13T00:05:13","slug":"chica-del-mes-octubre-2017-laura-illanes","status":"publish","type":"post","link":"https:\/\/www.socialiteen.com\/?p=7440","title":{"rendered":"Chica del mes Octubre 2017: Laura Illanes"},"content":{"rendered":"<p style=\"text-align: justify;\">En el mes rosa, toca el turno de conocer a una joven que con su belleza e inteligencia hacen resaltar la importancia de la mujer en este mes, conozcamos a Laura Illanes Rodr\u00edguez.<\/p>\n<p style=\"text-align: justify;\">Extrovertida, alegre y social, es como se describe Laura, aunque a veces considera que es reservada, le gusta ser muy sociable,\u00a0 conocer nuevas personas y hacer amigos es una de sus caracter\u00edsticas<\/p>\n<p style=\"text-align: justify;\"><img loading=\"lazy\" decoding=\"async\" class=\"aligncenter size-full wp-image-7441\" alt=\"ssdf\" src=\"https:\/\/www.socialiteen.com\/wp-content\/uploads\/2017\/10\/ssdf.jpg\" width=\"381\" height=\"571\" srcset=\"https:\/\/www.socialiteen.com\/wp-content\/uploads\/2017\/10\/ssdf.jpg 381w, https:\/\/www.socialiteen.com\/wp-content\/uploads\/2017\/10\/ssdf-200x300.jpg 200w\" sizes=\"auto, (max-width: 381px) 100vw, 381px\" \/><\/p>\n<p style=\"text-align: justify;\">Al cuestionarle sobre cuales considerar\u00eda como sus habilidades, nos platic\u00f3 que las principales serian que es una persona muy abierta, creativa, \u00a0deportista, amable y disciplinada, por su contraparte, como debilidad considera que el ser sentimental y perfeccionista pueden ser \u00a0las principales.<\/p>\n<p><script type=\"application\/javascript\" src=\"\/\/ced.sascdn.com\/tag\/1497\/smart.js\" async><\/script><br \/>\n<script type=\"application\/javascript\">\n    var sas = sas || {};\n    sas.cmd = sas.cmd || [];\n    sas.cmd.push(function() {\n        sas.setup({ networkid: 1497, domain: \"\/\/www3.smartadserver.com\", async: true });\n    });\n<\/script><\/p>\n<p><!-- P\u00e1gina : home --><\/p>\n<div id=\"sas_45681\"><\/div>\n<p><script type=\"application\/javascript\">\n    sas.cmd.push(function() {\n        sas.call(\"std\", {\n            siteId: 131067, \/\/ \n            pageId: 739256, \/\/ P\u00e1gina : MX_socialiteen\/home\n            formatId: 45681, \/\/ Formato : Scroll_Content 1x1\n            target: '' \/\/ Segmentaci\u00f3n\n        });\n    });\n<\/script><br \/>\n<noscript><br \/>\n    <a href=\"\/\/www3.smartadserver.com\/ac?jump=1&#038;nwid=1497&#038;siteid=131067&#038;pgname=home&#038;fmtid=45681&#038;visit=m&#038;tmstp=[timestamp]&#038;out=nonrich\" target=\"_blank\"><br \/>\n        <img decoding=\"async\" src=\"\/\/www3.smartadserver.com\/ac?out=nonrich&#038;nwid=1497&#038;siteid=131067&#038;pgname=home&#038;fmtid=45681&#038;visit=m&#038;tmstp=[timestamp]\" border=\"0\" alt=\"\" \/><br \/>\n    <\/a><br \/>\n<\/noscript><\/p>\n<p style=\"text-align: justify;\">\n<p style=\"text-align: justify;\">Laura es muy buena en los deportes, practica tenis, a su vez de disfrutar de su tiempo libre en viajar, ir de compras y pasar tiempo con su familia.<\/p>\n<p style=\"text-align: justify;\"><b>SUS FAVORITOS<\/b><br \/>\n-Pel\u00edcula: El triunfo de un sue\u00f1o<br \/>\n-M\u00fasica o grupo: Ed sheeran<br \/>\n-Serie: Gossip girl<br \/>\n-Comida: Pasta al pesto<br \/>\n-Libro: Despertando el gigante de adentro<br \/>\n-Dise\u00f1ador: Coco Chanel<br \/>\n-Perfume: Carolina Herrera<br \/>\n-Tip de belleza: La alimentaci\u00f3n es una parte muy importante para mantenernos saludables y en forma, acompa\u00f1ado del ejercicio. Recomiendo usar cremas para el cuidado de nuestra piel, por ejemplo para la cara usar cremas de d\u00eda, de noche y lo mas importante siempre retirar el maquillaje y usar protector solar para no tener da\u00f1os en la piel. Siempre hidratar todo nuestro cuerpo con cremas y al menos 1 vez por semana exfoliar nuestro cuerpo y rostro.<\/p>\n<p style=\"text-align: justify;\">En cuanto a su ejemplo a seguir, nos confes\u00f3 que es su pap\u00e1, ya que considera es una persona que le ha marcado mucho su vida, siempre la motiva a lograr lo que se propone y darle su amor cuando lo necesita.<\/p>\n<p style=\"text-align: justify;\"><img loading=\"lazy\" decoding=\"async\" class=\"aligncenter size-full wp-image-7442\" alt=\"IMG_6226ss\" src=\"https:\/\/www.socialiteen.com\/wp-content\/uploads\/2017\/10\/IMG_6226ss.jpg\" width=\"381\" height=\"571\" srcset=\"https:\/\/www.socialiteen.com\/wp-content\/uploads\/2017\/10\/IMG_6226ss.jpg 381w, https:\/\/www.socialiteen.com\/wp-content\/uploads\/2017\/10\/IMG_6226ss-200x300.jpg 200w\" sizes=\"auto, (max-width: 381px) 100vw, 381px\" \/><\/p>\n<p style=\"text-align: justify;\">Actualmente estudia periodismo deportivo, ya que es una carrera que le llama much\u00edsimo la atenci\u00f3n, considerada amante del deporte, todo lo que tenga que ver con estas actividades y lo social (radio, televisi\u00f3n, eventos, etc) es su mayor inter\u00e9s.<\/p>\n<p style=\"text-align: justify;\">Para cerrar la entrevista, le cuestionamos, como se ve\u00eda a futuro, a lo cual nos coment\u00f3 que su visi\u00f3n en la vida es siempre ser feliz con lo que tiene, tratando de dar lo mejor consigo mismo y con las personas que la rodean.<\/p>\n<p><img loading=\"lazy\" decoding=\"async\" class=\"aligncenter size-full wp-image-7443\" alt=\"IMG_6242ss\" src=\"https:\/\/www.socialiteen.com\/wp-content\/uploads\/2017\/10\/IMG_6242ss.jpg\" width=\"381\" height=\"571\" srcset=\"https:\/\/www.socialiteen.com\/wp-content\/uploads\/2017\/10\/IMG_6242ss.jpg 381w, https:\/\/www.socialiteen.com\/wp-content\/uploads\/2017\/10\/IMG_6242ss-200x300.jpg 200w\" sizes=\"auto, (max-width: 381px) 100vw, 381px\" \/><\/p>\n<p>Photo: Luis de Le\u00f3n<br \/>\nMakeup:\u00a0uptownstudio_vhsa<br \/>\nStyling: Alma Limon<br \/>\nOutfit: Sfera<br \/>\nLaguna Park<\/p>\n<p><strong><a href=\"https:\/\/twitter.com\/sociali_teen\" target=\"_blank\"><img loading=\"lazy\" decoding=\"async\" alt=\"Twitter-logo2\" src=\"https:\/\/www.socialiteen.com\/wp-content\/uploads\/2016\/04\/Twitter-logo2.png\" width=\"58\" height=\"58\" \/><\/a><\/strong>\u00a0<em id=\"__mceDel\"><\/em><em id=\"__mceDel\"><strong><a href=\"https:\/\/twitter.com\/sociali_teen\" target=\"_blank\">S\u00edguenos en Twitter<\/a><\/strong><\/em><\/p>\n<div id=\"wp_fb_like_button\" style=\"margin:5px 5px 5px 0;float:left;height:100px;\"><script src=\"http:\/\/connect.facebook.net\/en_US\/all.js#xfbml=1\"><\/script><fb:like href=\"https:\/\/www.socialiteen.com\/?p=7440\" send=\"true\" layout=\"box_count\" width=\"450\" show_faces=\"true\" font=\"arial\" action=\"like\" colorscheme=\"light\"><\/fb:like><\/div>","protected":false},"excerpt":{"rendered":"<p>En el mes rosa, toca el turno de conocer a una joven que con su belleza e inteligencia hacen resaltar la importancia de la mujer en este mes, conozcamos a Laura Illanes Rodr\u00edguez. Extrovertida, alegre y social, es como se describe Laura, aunque a veces considera que es reservada, le gusta ser muy sociable,\u00a0 conocer [&hellip;]<\/p>\n","protected":false},"author":94,"featured_media":7444,"comment_status":"open","ping_status":"closed","sticky":false,"template":"","format":"standard","meta":{"footnotes":""},"categories":[18],"tags":[],"class_list":["post-7440","post","type-post","status-publish","format-standard","has-post-thumbnail","hentry","category-chica-del-mes"],"_links":{"self":[{"href":"https:\/\/www.socialiteen.com\/index.php?rest_route=\/wp\/v2\/posts\/7440","targetHints":{"allow":["GET"]}}],"collection":[{"href":"https:\/\/www.socialiteen.com\/index.php?rest_route=\/wp\/v2\/posts"}],"about":[{"href":"https:\/\/www.socialiteen.com\/index.php?rest_route=\/wp\/v2\/types\/post"}],"author":[{"embeddable":true,"href":"https:\/\/www.socialiteen.com\/index.php?rest_route=\/wp\/v2\/users\/94"}],"replies":[{"embeddable":true,"href":"https:\/\/www.socialiteen.com\/index.php?rest_route=%2Fwp%2Fv2%2Fcomments&post=7440"}],"version-history":[{"count":3,"href":"https:\/\/www.socialiteen.com\/index.php?rest_route=\/wp\/v2\/posts\/7440\/revisions"}],"predecessor-version":[{"id":7446,"href":"https:\/\/www.socialiteen.com\/index.php?rest_route=\/wp\/v2\/posts\/7440\/revisions\/7446"}],"wp:featuredmedia":[{"embeddable":true,"href":"https:\/\/www.socialiteen.com\/index.php?rest_route=\/wp\/v2\/media\/7444"}],"wp:attachment":[{"href":"https:\/\/www.socialiteen.com\/index.php?rest_route=%2Fwp%2Fv2%2Fmedia&parent=7440"}],"wp:term":[{"taxonomy":"category","embeddable":true,"href":"https:\/\/www.socialiteen.com\/index.php?rest_route=%2Fwp%2Fv2%2Fcategories&post=7440"},{"taxonomy":"post_tag","embeddable":true,"href":"https:\/\/www.socialiteen.com\/index.php?rest_route=%2Fwp%2Fv2%2Ftags&post=7440"}],"curies":[{"name":"wp","href":"https:\/\/api.w.org\/{rel}","templated":true}]}}