{"id":6485,"date":"2017-01-05T09:26:50","date_gmt":"2017-01-05T15:26:50","guid":{"rendered":"http:\/\/www.socialiteen.com\/?p=6485"},"modified":"2017-01-03T19:27:21","modified_gmt":"2017-01-04T01:27:21","slug":"brenda-song-seria-mulan","status":"publish","type":"post","link":"https:\/\/www.socialiteen.com\/?p=6485","title":{"rendered":"Brenda Song ser\u00eda Mulan"},"content":{"rendered":"<p style=\"text-align: justify;\">Con Emma Watson como &#8220;Bella&#8221; este a\u00f1o se espera el inicio de la producci\u00f3n de la nueva versi\u00f3n de\u00a0<em>Mul\u00e1n.<\/em><\/p>\n<p style=\"text-align: justify;\">A finales del 2016 ya se empezaban a revelar algunos nombres que sonaban para interpretar a la princesa asi\u00e1tica de Disney.<\/p>\n<p style=\"text-align: justify;\">Desde un principio sonaban 6 nombres la mayor\u00eda con carrera local en paises asiaticos, pero este mes solo destacan tres nombres: Liu Yifei (actriz y cantante de 29 a\u00f1os), Liu Shishi (estrella de las telenovelas en su natal China) y Brenda Song\u00a0\u00a0una actriz y cantante que ya ha tenido relaci\u00f3n con Disney Channel,<\/p>\n<p style=\"text-align: justify;\">Aunque todo parece indicar que ser\u00eda Brenda Song la indicada tanto por su imagen ya posicionada en el medio y a la petici\u00f3n de muchos de sus fans.<\/p>\n<p style=\"text-align: justify;\">Parece que son pocos los detalles que se deben corregir para que la ex chica disney pueda dar vida este papel a sus 28 a\u00f1os.<\/p>\n<p style=\"text-align: justify;\">Aunque todavia no hay nada confirmado, esta pelicula ya inicia a causar controversia, ya que su director esta buscando cambiar el trama del filme al presentado en versi\u00f3n \u00a0animada en 1998.<\/p>\n<p style=\"text-align: center;\"><img loading=\"lazy\" decoding=\"async\" class=\"aligncenter  wp-image-6486\" alt=\"Brenda (6)\" src=\"https:\/\/www.socialiteen.com\/wp-content\/uploads\/2017\/01\/Brenda-6.jpg\" width=\"448\" height=\"672\" srcset=\"https:\/\/www.socialiteen.com\/wp-content\/uploads\/2017\/01\/Brenda-6.jpg 1067w, https:\/\/www.socialiteen.com\/wp-content\/uploads\/2017\/01\/Brenda-6-200x300.jpg 200w, https:\/\/www.socialiteen.com\/wp-content\/uploads\/2017\/01\/Brenda-6-682x1024.jpg 682w\" sizes=\"auto, (max-width: 448px) 100vw, 448px\" \/><\/p>\n<p><strong><a href=\"https:\/\/twitter.com\/sociali_teen\" target=\"_blank\"><img loading=\"lazy\" decoding=\"async\" alt=\"Twitter-logo2\" src=\"https:\/\/www.socialiteen.com\/wp-content\/uploads\/2016\/04\/Twitter-logo2.png\" width=\"58\" height=\"58\" \/><\/a><\/strong><\/p>\n<p><em id=\"__mceDel\"><\/em><em id=\"__mceDel\"><strong><a href=\"https:\/\/twitter.com\/sociali_teen\" target=\"_blank\">S\u00edguenos en Twitter<\/a><\/strong><\/em><\/p>\n<div id=\"wp_fb_like_button\" style=\"margin:5px 5px 5px 0;float:left;height:100px;\"><script src=\"http:\/\/connect.facebook.net\/en_US\/all.js#xfbml=1\"><\/script><fb:like href=\"https:\/\/www.socialiteen.com\/?p=6485\" send=\"true\" layout=\"box_count\" width=\"450\" show_faces=\"true\" font=\"arial\" action=\"like\" colorscheme=\"light\"><\/fb:like><\/div>","protected":false},"excerpt":{"rendered":"<p>Con Emma Watson como &#8220;Bella&#8221; este a\u00f1o se espera el inicio de la producci\u00f3n de la nueva versi\u00f3n de\u00a0Mul\u00e1n. A finales del 2016 ya se empezaban a revelar algunos nombres que sonaban para interpretar a la princesa asi\u00e1tica de Disney. Desde un principio sonaban 6 nombres la mayor\u00eda con carrera local en paises asiaticos, pero [&hellip;]<\/p>\n","protected":false},"author":94,"featured_media":6486,"comment_status":"open","ping_status":"closed","sticky":false,"template":"","format":"standard","meta":{"footnotes":""},"categories":[10,16],"tags":[],"class_list":["post-6485","post","type-post","status-publish","format-standard","has-post-thumbnail","hentry","category-cine","category-famosos"],"_links":{"self":[{"href":"https:\/\/www.socialiteen.com\/index.php?rest_route=\/wp\/v2\/posts\/6485","targetHints":{"allow":["GET"]}}],"collection":[{"href":"https:\/\/www.socialiteen.com\/index.php?rest_route=\/wp\/v2\/posts"}],"about":[{"href":"https:\/\/www.socialiteen.com\/index.php?rest_route=\/wp\/v2\/types\/post"}],"author":[{"embeddable":true,"href":"https:\/\/www.socialiteen.com\/index.php?rest_route=\/wp\/v2\/users\/94"}],"replies":[{"embeddable":true,"href":"https:\/\/www.socialiteen.com\/index.php?rest_route=%2Fwp%2Fv2%2Fcomments&post=6485"}],"version-history":[{"count":2,"href":"https:\/\/www.socialiteen.com\/index.php?rest_route=\/wp\/v2\/posts\/6485\/revisions"}],"predecessor-version":[{"id":6488,"href":"https:\/\/www.socialiteen.com\/index.php?rest_route=\/wp\/v2\/posts\/6485\/revisions\/6488"}],"wp:featuredmedia":[{"embeddable":true,"href":"https:\/\/www.socialiteen.com\/index.php?rest_route=\/wp\/v2\/media\/6486"}],"wp:attachment":[{"href":"https:\/\/www.socialiteen.com\/index.php?rest_route=%2Fwp%2Fv2%2Fmedia&parent=6485"}],"wp:term":[{"taxonomy":"category","embeddable":true,"href":"https:\/\/www.socialiteen.com\/index.php?rest_route=%2Fwp%2Fv2%2Fcategories&post=6485"},{"taxonomy":"post_tag","embeddable":true,"href":"https:\/\/www.socialiteen.com\/index.php?rest_route=%2Fwp%2Fv2%2Ftags&post=6485"}],"curies":[{"name":"wp","href":"https:\/\/api.w.org\/{rel}","templated":true}]}}