{"id":5162,"date":"2016-02-12T15:22:03","date_gmt":"2016-02-12T21:22:03","guid":{"rendered":"http:\/\/www.socialiteen.com\/?p=5162"},"modified":"2016-02-12T15:22:03","modified_gmt":"2016-02-12T21:22:03","slug":"justin-bieber-causa-polemica-en-mexico","status":"publish","type":"post","link":"https:\/\/www.socialiteen.com\/?p=5162","title":{"rendered":"Justin Bieber causa pol\u00e9mica en M\u00e9xico"},"content":{"rendered":"<p style=\"text-align: justify;\">El cantante Justin Bieber causo furor con sus fans mexicanas al compartir en sus redes sociales una seria de fotograf\u00edas donde porta unos shorts con la bandera de M\u00e9xico estampado.<\/p>\n<p style=\"text-align: justify;\">Aunque muchas veces el canadiense ha comentado sentir un gran cari\u00f1o por sus beliebers mexicanas, dicha fotograf\u00eda no fue muy bien recibida por el resto de mexicanos debido a que en la fotograf\u00eda se puede ver el escudo de la bandera mexicana en el \u00e1rea de genitales del cantante.<\/p>\n<p style=\"text-align: justify;\">Sus fans mexicanas han tomado esta fotograf\u00eda como un saludo a su pa\u00eds y no como algo \u00a0indignante, sin duda esta es parte de la personalidad de Bieber que creemos fue sin intensi\u00f3n de agredir.<\/p>\n<p style=\"text-align: left;\"><img loading=\"lazy\" decoding=\"async\" class=\"aligncenter  wp-image-5163\" alt=\"12744361_10154192465073888_5692096083090917382_n\" src=\"https:\/\/www.socialiteen.com\/wp-content\/uploads\/2016\/02\/12744361_10154192465073888_5692096083090917382_n.jpg\" width=\"576\" height=\"576\" srcset=\"https:\/\/www.socialiteen.com\/wp-content\/uploads\/2016\/02\/12744361_10154192465073888_5692096083090917382_n.jpg 960w, https:\/\/www.socialiteen.com\/wp-content\/uploads\/2016\/02\/12744361_10154192465073888_5692096083090917382_n-150x150.jpg 150w, https:\/\/www.socialiteen.com\/wp-content\/uploads\/2016\/02\/12744361_10154192465073888_5692096083090917382_n-300x300.jpg 300w\" sizes=\"auto, (max-width: 576px) 100vw, 576px\" \/><strong><em id=\"__mceDel\"><a href=\"https:\/\/twitter.com\/sociali_teen\" target=\"_blank\"><img loading=\"lazy\" decoding=\"async\" alt=\"twitter-bird-light-bgs\" src=\"https:\/\/www.socialiteen.com\/wp-content\/uploads\/2012\/12\/twitter-bird-light-bgs.png\" width=\"76\" height=\"76\" \/><\/a><strong><a href=\"https:\/\/twitter.com\/sociali_teen\" target=\"_blank\">S\u00edguenos en Twitter<\/a><\/strong><\/em><\/strong><\/p>\n<div id=\"wp_fb_like_button\" style=\"margin:5px 5px 5px 0;float:left;height:100px;\"><script src=\"http:\/\/connect.facebook.net\/en_US\/all.js#xfbml=1\"><\/script><fb:like href=\"https:\/\/www.socialiteen.com\/?p=5162\" send=\"true\" layout=\"box_count\" width=\"450\" show_faces=\"true\" font=\"arial\" action=\"like\" colorscheme=\"light\"><\/fb:like><\/div>","protected":false},"excerpt":{"rendered":"<p>El cantante Justin Bieber causo furor con sus fans mexicanas al compartir en sus redes sociales una seria de fotograf\u00edas donde porta unos shorts con la bandera de M\u00e9xico estampado. Aunque muchas veces el canadiense ha comentado sentir un gran cari\u00f1o por sus beliebers mexicanas, dicha fotograf\u00eda no fue muy bien recibida por el resto [&hellip;]<\/p>\n","protected":false},"author":94,"featured_media":5163,"comment_status":"open","ping_status":"closed","sticky":false,"template":"","format":"standard","meta":{"footnotes":""},"categories":[16,19],"tags":[],"class_list":["post-5162","post","type-post","status-publish","format-standard","has-post-thumbnail","hentry","category-famosos","category-musica"],"_links":{"self":[{"href":"https:\/\/www.socialiteen.com\/index.php?rest_route=\/wp\/v2\/posts\/5162","targetHints":{"allow":["GET"]}}],"collection":[{"href":"https:\/\/www.socialiteen.com\/index.php?rest_route=\/wp\/v2\/posts"}],"about":[{"href":"https:\/\/www.socialiteen.com\/index.php?rest_route=\/wp\/v2\/types\/post"}],"author":[{"embeddable":true,"href":"https:\/\/www.socialiteen.com\/index.php?rest_route=\/wp\/v2\/users\/94"}],"replies":[{"embeddable":true,"href":"https:\/\/www.socialiteen.com\/index.php?rest_route=%2Fwp%2Fv2%2Fcomments&post=5162"}],"version-history":[{"count":3,"href":"https:\/\/www.socialiteen.com\/index.php?rest_route=\/wp\/v2\/posts\/5162\/revisions"}],"predecessor-version":[{"id":5166,"href":"https:\/\/www.socialiteen.com\/index.php?rest_route=\/wp\/v2\/posts\/5162\/revisions\/5166"}],"wp:featuredmedia":[{"embeddable":true,"href":"https:\/\/www.socialiteen.com\/index.php?rest_route=\/wp\/v2\/media\/5163"}],"wp:attachment":[{"href":"https:\/\/www.socialiteen.com\/index.php?rest_route=%2Fwp%2Fv2%2Fmedia&parent=5162"}],"wp:term":[{"taxonomy":"category","embeddable":true,"href":"https:\/\/www.socialiteen.com\/index.php?rest_route=%2Fwp%2Fv2%2Fcategories&post=5162"},{"taxonomy":"post_tag","embeddable":true,"href":"https:\/\/www.socialiteen.com\/index.php?rest_route=%2Fwp%2Fv2%2Ftags&post=5162"}],"curies":[{"name":"wp","href":"https:\/\/api.w.org\/{rel}","templated":true}]}}