{"id":3295,"date":"2014-06-11T21:55:57","date_gmt":"2014-06-12T02:55:57","guid":{"rendered":"http:\/\/www.socialiteen.com\/?p=3295"},"modified":"2014-06-12T14:38:10","modified_gmt":"2014-06-12T19:38:10","slug":"aspirantes-a-nuestra-belleza-tabasco-2014","status":"publish","type":"post","link":"https:\/\/www.socialiteen.com\/?p=3295","title":{"rendered":"Aspirantes a Nuestra Belleza Tabasco 2014"},"content":{"rendered":"<p style=\"text-align: center;\"><b>Julieta Campos Jim\u00e9nez<br \/>\nEdad: 22 A\u00f1os<br \/>\nEscolaridad: Lic. en Educaci\u00f3n Primaria.<\/b><\/p>\n<p style=\"text-align: center;\"><a href=\"https:\/\/www.socialiteen.com\/wp-content\/uploads\/2014\/06\/9I5A5900-6s.jpg\"><img loading=\"lazy\" decoding=\"async\" class=\"aligncenter  wp-image-3297\" alt=\"9I5A5900-6s\" src=\"https:\/\/www.socialiteen.com\/wp-content\/uploads\/2014\/06\/9I5A5900-6s.jpg\" width=\"369\" height=\"554\" srcset=\"https:\/\/www.socialiteen.com\/wp-content\/uploads\/2014\/06\/9I5A5900-6s.jpg 461w, https:\/\/www.socialiteen.com\/wp-content\/uploads\/2014\/06\/9I5A5900-6s-199x300.jpg 199w\" sizes=\"auto, (max-width: 369px) 100vw, 369px\" \/><\/a><\/p>\n<p style=\"text-align: justify;\">Se describe como una persona humilde de gran coraz\u00f3n, amante de la naturaleza y de su familia, como habilidad destaca poder escuchar a las personas y expresarse, en sus debilidades comenta ser muy sensible y no estar sola.<\/p>\n<p style=\"text-align: justify;\">La persona que m\u00e1s admira es su abuelita ya que siempre la ha considerado una persona admirable y de respeto, busca ser la representante de Tabasco en Nuestra Belleza ya que ha sido su sue\u00f1o por el cual se ha preparado.<\/p>\n<p>&nbsp;<\/p>\n<p style=\"text-align: center;\"><b>Grecia Karina Torres Graniel<br \/>\nEdad: 21 A\u00f1os<br \/>\nEscolaridad: Universidad Ing. Qu\u00edmica.<\/b><\/p>\n<p style=\"text-align: center;\"><a href=\"https:\/\/www.socialiteen.com\/wp-content\/uploads\/2014\/06\/9I5A6067-9s.jpg\"><img loading=\"lazy\" decoding=\"async\" class=\"aligncenter  wp-image-3298\" alt=\"9I5A6067-9s\" src=\"https:\/\/www.socialiteen.com\/wp-content\/uploads\/2014\/06\/9I5A6067-9s.jpg\" width=\"369\" height=\"554\" srcset=\"https:\/\/www.socialiteen.com\/wp-content\/uploads\/2014\/06\/9I5A6067-9s.jpg 461w, https:\/\/www.socialiteen.com\/wp-content\/uploads\/2014\/06\/9I5A6067-9s-199x300.jpg 199w\" sizes=\"auto, (max-width: 369px) 100vw, 369px\" \/><\/a><\/p>\n<p style=\"text-align: justify;\">Se describe como una persona muy alegre, fuerte, segura y sentimental, dentro de sus habilidades destaca ser buena estudiante y cantar, como debilidades comenta estresarse muy r\u00e1pido, en sus pasatiempos gusta salir con sus amigos en su tiempo libre y asistir al Gimnasio.<\/p>\n<p style=\"text-align: justify;\">La persona que m\u00e1s admira es su madre ya que ve en ella un ejemplo de fortaleza y valor, busca la corona de Nuestra Belleza Tabasco ya que considera el certamen como un nuevo reto y una gran plataforma para ser la imagen de una mujer bella por dentro y por fuera siendo ejemplo para la sociedad.<\/p>\n<p>&nbsp;<\/p>\n<p style=\"text-align: center;\"><b>B\u00e1rbara Escalante Hern\u00e1ndez<br \/>\nEdad: 21 A\u00f1os<br \/>\nEscolaridad: Universidad Lic. en Comunicaci\u00f3n.<\/b><\/p>\n<p style=\"text-align: center;\"><a href=\"https:\/\/www.socialiteen.com\/wp-content\/uploads\/2014\/06\/9I5A4465-36s.jpg\"><img loading=\"lazy\" decoding=\"async\" class=\"aligncenter  wp-image-3299\" alt=\"9I5A4465-36s\" src=\"https:\/\/www.socialiteen.com\/wp-content\/uploads\/2014\/06\/9I5A4465-36s.jpg\" width=\"369\" height=\"554\" srcset=\"https:\/\/www.socialiteen.com\/wp-content\/uploads\/2014\/06\/9I5A4465-36s.jpg 461w, https:\/\/www.socialiteen.com\/wp-content\/uploads\/2014\/06\/9I5A4465-36s-199x300.jpg 199w\" sizes=\"auto, (max-width: 369px) 100vw, 369px\" \/><\/a><\/p>\n<p style=\"text-align: justify;\">Se describe como una joven paciente, sencilla, calmada y amigable, como sus habilidades destaca ser muy creativa y facilidad de relaciones p\u00fablicas, como debilidades considera que algunas veces defiende mucho a las personas justific\u00e1ndolas.<\/p>\n<p style=\"text-align: justify;\">Le gusta modelar, leer, dormir y estar con su familia, tiene en su madre a su ejemplo a seguir pues considera tiene disciplina y es entregada en lo que hace, desea ser la representante de Tabasco en Nuestra Belleza ya que siente es una gran oportunidad para dar\u00a0 a conocer a su Estado.<\/p>\n<p>&nbsp;<\/p>\n<p style=\"text-align: center;\"><b>Renata Ortiz Osorio<br \/>\nEdad: 18 A\u00f1os<br \/>\nEscolaridad: Universidad Lic. en Mercadotecnia<\/b><\/p>\n<p style=\"text-align: center;\"><a href=\"https:\/\/www.socialiteen.com\/wp-content\/uploads\/2014\/06\/9I5A4337-34s.jpg\"><img loading=\"lazy\" decoding=\"async\" class=\"aligncenter  wp-image-3300\" alt=\"9I5A4337-34s\" src=\"https:\/\/www.socialiteen.com\/wp-content\/uploads\/2014\/06\/9I5A4337-34s.jpg\" width=\"369\" height=\"554\" srcset=\"https:\/\/www.socialiteen.com\/wp-content\/uploads\/2014\/06\/9I5A4337-34s.jpg 461w, https:\/\/www.socialiteen.com\/wp-content\/uploads\/2014\/06\/9I5A4337-34s-199x300.jpg 199w\" sizes=\"auto, (max-width: 369px) 100vw, 369px\" \/><\/a><\/p>\n<p style=\"text-align: justify;\">Se considera una persona muy amigable, le gusta dar todo cuando se decide a hacer algo, disfruta mucho de cada momento al m\u00e1ximo, como habilidad considera ser muy creativa y tener facilidad por las manualidades, como debilidad considera que es muy perfeccionista.<\/p>\n<p style=\"text-align: justify;\">En su tiempo libre gusta estar con su familia, ir al gimnasio y ver pel\u00edculas, buscara ser Nuestra Belleza Tabasco ya que considera una buena plataforma para demostrar que las mujeres hoy en d\u00eda pueden desempe\u00f1ar cualquier actividad.<\/p>\n<p>&nbsp;<\/p>\n<p style=\"text-align: center;\"><b>Gildy Guillermina Reyes Colorado<br \/>\nEdad: 21 A\u00f1os<br \/>\nEscolaridad: Universidad Ing. Gesti\u00f3n Empresarial.<\/b><\/p>\n<p style=\"text-align: center;\"><a href=\"https:\/\/www.socialiteen.com\/wp-content\/uploads\/2014\/06\/9I5A6313-11s.jpg\"><img loading=\"lazy\" decoding=\"async\" class=\"aligncenter  wp-image-3301\" alt=\"9I5A6313-11s\" src=\"https:\/\/www.socialiteen.com\/wp-content\/uploads\/2014\/06\/9I5A6313-11s.jpg\" width=\"369\" height=\"554\" srcset=\"https:\/\/www.socialiteen.com\/wp-content\/uploads\/2014\/06\/9I5A6313-11s.jpg 461w, https:\/\/www.socialiteen.com\/wp-content\/uploads\/2014\/06\/9I5A6313-11s-199x300.jpg 199w\" sizes=\"auto, (max-width: 369px) 100vw, 369px\" \/><\/a><\/p>\n<p style=\"text-align: justify;\">Es una joven honesta, leal y solidaria, le gusta enfrentar nuevos retos, dentro de sus habilidades considera ser muy buena en los deportes y modelaje, en sus debilidades comenta entirse mal cuando no logra un objetivo.<\/p>\n<p style=\"text-align: justify;\">En su ejemplo a seguir menciona ser Jes\u00fas ya que venci\u00f3 todos los retos y compromisos con su filosof\u00eda y fortaleza,\u00a0 sus pasatiempos es bailar e ir al gimnasio,\u00a0 Ve en Nuestra Belleza Tabaco una oportunidad para demostrar la belleza y cualidades de una mujer.<\/p>\n<p>&nbsp;<\/p>\n<p style=\"text-align: center;\"><b>Elda Ver\u00f3nica Avalos Ram\u00f3n<br \/>\nEdad: 22 A\u00f1os<br \/>\nEscolaridad: Universidad Lic. en Psicolog\u00eda<\/b><\/p>\n<p style=\"text-align: center;\"><a href=\"https:\/\/www.socialiteen.com\/wp-content\/uploads\/2014\/06\/9I5A4007-31s.jpg\"><img loading=\"lazy\" decoding=\"async\" class=\"aligncenter  wp-image-3302\" alt=\"9I5A4007-31s\" src=\"https:\/\/www.socialiteen.com\/wp-content\/uploads\/2014\/06\/9I5A4007-31s.jpg\" width=\"369\" height=\"554\" srcset=\"https:\/\/www.socialiteen.com\/wp-content\/uploads\/2014\/06\/9I5A4007-31s.jpg 461w, https:\/\/www.socialiteen.com\/wp-content\/uploads\/2014\/06\/9I5A4007-31s-199x300.jpg 199w\" sizes=\"auto, (max-width: 369px) 100vw, 369px\" \/><\/a><\/p>\n<p style=\"text-align: justify;\">Se describe como una mujer de convicci\u00f3n, autentica y segura, es muy perseverante y lucha d\u00eda a d\u00eda por ser feliz, como habilidad comenta ser una persona que escucha y brinda una sonrisa a un desconocido, dentro de sus debilidades comenta confiar en exceso en las personas.<\/p>\n<p style=\"text-align: justify;\">Su ejemplo a seguir es Alejandra Espinoza por ser una mujer con presencia y sencilla, busca ser la representante de Tabasco ya que ve en el certamen una oportunidad para proyectar todo lo que trae dentro desde belleza hasta el alma.<\/p>\n<p>&nbsp;<\/p>\n<p style=\"text-align: center;\"><b>Maria Jose Taboada Rodr\u00edguez<br \/>\nEdad: 18 A\u00f1os<br \/>\nEscolaridad: Bachillerato.<\/b><\/p>\n<p style=\"text-align: center;\"><a href=\"https:\/\/www.socialiteen.com\/wp-content\/uploads\/2014\/06\/9I5A3338-2s.jpg\"><img loading=\"lazy\" decoding=\"async\" class=\"aligncenter  wp-image-3303\" alt=\"9I5A3338-2s\" src=\"https:\/\/www.socialiteen.com\/wp-content\/uploads\/2014\/06\/9I5A3338-2s.jpg\" width=\"369\" height=\"554\" srcset=\"https:\/\/www.socialiteen.com\/wp-content\/uploads\/2014\/06\/9I5A3338-2s.jpg 461w, https:\/\/www.socialiteen.com\/wp-content\/uploads\/2014\/06\/9I5A3338-2s-199x300.jpg 199w\" sizes=\"auto, (max-width: 369px) 100vw, 369px\" \/><\/a><\/p>\n<p style=\"text-align: justify;\">Se considera como una joven alegre, educada y emprendedora, dentro de sus habilidades considera hacer postres y modelar, una de sus debilidades es que es muy sentimental, en su tiempo libre gusta salir con sus amigas y compartir tiempo con su familia.<\/p>\n<p style=\"text-align: justify;\">Su ejemplo a seguir e la Madre Teresa de Calcuta ya que siempre ayudo a los dem\u00e1s, ve a Nuestra Belleza como una oportunidad de competir por su estado y subir una plataforma m\u00e1s en su vida.<\/p>\n<p>&nbsp;<\/p>\n<p style=\"text-align: center;\"><b>B\u00e1rbara Fern\u00e1ndez Huerta<br \/>\nEdad: 19 A\u00f1os<br \/>\nEscolaridad: Bachillerato.<\/b><\/p>\n<p style=\"text-align: center;\"><a href=\"https:\/\/www.socialiteen.com\/wp-content\/uploads\/2014\/06\/IMG_8245s.jpg\"><img loading=\"lazy\" decoding=\"async\" class=\"aligncenter  wp-image-3304\" alt=\"IMG_8245s\" src=\"https:\/\/www.socialiteen.com\/wp-content\/uploads\/2014\/06\/IMG_8245s.jpg\" width=\"387\" height=\"581\" srcset=\"https:\/\/www.socialiteen.com\/wp-content\/uploads\/2014\/06\/IMG_8245s.jpg 484w, https:\/\/www.socialiteen.com\/wp-content\/uploads\/2014\/06\/IMG_8245s-200x300.jpg 200w\" sizes=\"auto, (max-width: 387px) 100vw, 387px\" \/><\/a><\/p>\n<p style=\"text-align: justify;\">Se considera como una joven decidida a realizar todo lo que se plantea, muy sincera y directa, como habilidad comenta gusta de maquillar y bailar, como\u00a0 debilidad es muy orgullosa, en su tiempo libre gusta ir al gimnasio y escuchar m\u00fasica.<\/p>\n<p style=\"text-align: justify;\">Su ejemplo a seguir es su abuela ya que ha superado todas las dificultades con las que se ha encontrado, desea la corona de Nuestra Belleza Tabasco ya que quiere comprometerse para dejar al Estado en un buen papel.<\/p>\n<p style=\"text-align: center;\"><b>Xiomara Luna Ruiz<br \/>\nEdad: 20 A\u00f1os<br \/>\nEscolaridad: Universidad Lic. en Nutrici\u00f3n.<\/b><\/p>\n<p style=\"text-align: center;\"><a href=\"https:\/\/www.socialiteen.com\/wp-content\/uploads\/2014\/06\/9I5A6717-23s.jpg\"><img loading=\"lazy\" decoding=\"async\" class=\"aligncenter  wp-image-3305\" alt=\"9I5A6717-23s\" src=\"https:\/\/www.socialiteen.com\/wp-content\/uploads\/2014\/06\/9I5A6717-23s.jpg\" width=\"369\" height=\"554\" srcset=\"https:\/\/www.socialiteen.com\/wp-content\/uploads\/2014\/06\/9I5A6717-23s.jpg 461w, https:\/\/www.socialiteen.com\/wp-content\/uploads\/2014\/06\/9I5A6717-23s-199x300.jpg 199w\" sizes=\"auto, (max-width: 369px) 100vw, 369px\" \/><\/a><\/p>\n<p style=\"text-align: justify;\">Es una joven perseverante, paciente y responsable, como habilidad gusta de escuchar a las personas y estar comprometida cuando se plantea una meta, dentro de sus debilidades es que suele estresarse mucho.<\/p>\n<p style=\"text-align: justify;\">En su tiempo libre gusta de ir al gimnasio, salir con sus amigos y escuchar m\u00fasica, su ejemplo a seguir es su madre y abuela, ya que las considera como unas mujeres fuertes, ser Nuestra Belleza Tabasco significa para ella un compromiso y responsabilidad por demostrar que no solo la belleza f\u00edsica es importante su no la interior.<\/p>\n<p>&nbsp;<\/p>\n<p style=\"text-align: center;\"><b>Xell Sarah\u00ed Palacio M\u00e9ndez<br \/>\nEdad: 21 A\u00f1os<br \/>\nEscolaridad: Universidad Lic. en Educaci\u00f3n Primaria<\/b><\/p>\n<p style=\"text-align: center;\"><a href=\"https:\/\/www.socialiteen.com\/wp-content\/uploads\/2014\/06\/9I5A5771-3s.jpg\"><img loading=\"lazy\" decoding=\"async\" class=\"aligncenter  wp-image-3306\" alt=\"9I5A5771-3s\" src=\"https:\/\/www.socialiteen.com\/wp-content\/uploads\/2014\/06\/9I5A5771-3s.jpg\" width=\"369\" height=\"554\" srcset=\"https:\/\/www.socialiteen.com\/wp-content\/uploads\/2014\/06\/9I5A5771-3s.jpg 461w, https:\/\/www.socialiteen.com\/wp-content\/uploads\/2014\/06\/9I5A5771-3s-199x300.jpg 199w\" sizes=\"auto, (max-width: 369px) 100vw, 369px\" \/><\/a><\/p>\n<p style=\"text-align: justify;\">Se considera una persona alegre, altruista, perseverante que lucha por cumplir sus metas, como habilidades identifica cantar, bailar, modelar, estudiar y actuar, dentro sus debilidades considera ser el miedo a perder a las personas que quiere.<\/p>\n<p style=\"text-align: justify;\">Sus pasatiempos son ir gimnasio, comer sano y pasar momentos agradables con su familia, su ejemplo a seguir son sus padres ya que desde peque\u00f1a le han inculcado valores y a luchar por sus sue\u00f1os, Nuestra belleza significa para ella una plataforma inmensa que no solo la da esa oportunidad de descubrir que tan lejos puedes llegar, si no es algo que le cambiar\u00eda la vida.<\/p>\n<p style=\"text-align: justify;\">AHORA ya conoces a las aspirantes a la Corona de Nuestra Belleza Tabasco 2014 \u00bfCUAL ES TU FAVORITA? les recordamos acompa\u00f1arlas ma\u00f1ana Jueves 12 de Junio en la Presentaci\u00f3n a Medios, boletos en venta con cada participante.<\/p>\n<p>Agradecimientos: <a href=\"https:\/\/www.facebook.com\/qrvillahermosa?fref=ts\" target=\"_blank\">Hotel Quinta Real Villahermosa<\/a><br \/>\nFotograf\u00eda: <a href=\"https:\/\/www.facebook.com\/pages\/MontanoCano-Fot%C3%B3grafos\/636651233038245?fref=ts\" target=\"_blank\">Montano&amp;Cano<br \/>\n<\/a>Vestuario: EA Boutique<br \/>\nAccesorios: ERRE<\/p>\n<p style=\"text-align: justify;\"><a href=\"https:\/\/twitter.com\/sociali_teen\" target=\"_blank\"><img loading=\"lazy\" decoding=\"async\" alt=\"twitter-bird-light-bgs\" src=\"https:\/\/www.socialiteen.com\/wp-content\/uploads\/2012\/12\/twitter-bird-light-bgs.png\" width=\"76\" height=\"76\" \/><\/a><strong><a href=\"https:\/\/twitter.com\/sociali_teen\" target=\"_blank\">S\u00edguenos en Twitter<\/a><\/strong><\/p>\n<div id=\"wp_fb_like_button\" style=\"margin:5px 5px 5px 0;float:left;height:100px;\"><script src=\"http:\/\/connect.facebook.net\/en_US\/all.js#xfbml=1\"><\/script><fb:like href=\"https:\/\/www.socialiteen.com\/?p=3295\" send=\"true\" layout=\"box_count\" width=\"450\" show_faces=\"true\" font=\"arial\" action=\"like\" colorscheme=\"light\"><\/fb:like><\/div>","protected":false},"excerpt":{"rendered":"<p>Julieta Campos Jim\u00e9nez Edad: 22 A\u00f1os Escolaridad: Lic. en Educaci\u00f3n Primaria. Se describe como una persona humilde de gran coraz\u00f3n, amante de la naturaleza y de su familia, como habilidad destaca poder escuchar a las personas y expresarse, en sus debilidades comenta ser muy sensible y no estar sola. La persona que m\u00e1s admira es [&hellip;]<\/p>\n","protected":false},"author":94,"featured_media":3307,"comment_status":"open","ping_status":"closed","sticky":false,"template":"","format":"standard","meta":{"footnotes":""},"categories":[13,12,17],"tags":[],"class_list":["post-3295","post","type-post","status-publish","format-standard","has-post-thumbnail","hentry","category-eventos","category-moda","category-patrocinadores"],"_links":{"self":[{"href":"https:\/\/www.socialiteen.com\/index.php?rest_route=\/wp\/v2\/posts\/3295","targetHints":{"allow":["GET"]}}],"collection":[{"href":"https:\/\/www.socialiteen.com\/index.php?rest_route=\/wp\/v2\/posts"}],"about":[{"href":"https:\/\/www.socialiteen.com\/index.php?rest_route=\/wp\/v2\/types\/post"}],"author":[{"embeddable":true,"href":"https:\/\/www.socialiteen.com\/index.php?rest_route=\/wp\/v2\/users\/94"}],"replies":[{"embeddable":true,"href":"https:\/\/www.socialiteen.com\/index.php?rest_route=%2Fwp%2Fv2%2Fcomments&post=3295"}],"version-history":[{"count":5,"href":"https:\/\/www.socialiteen.com\/index.php?rest_route=\/wp\/v2\/posts\/3295\/revisions"}],"predecessor-version":[{"id":3309,"href":"https:\/\/www.socialiteen.com\/index.php?rest_route=\/wp\/v2\/posts\/3295\/revisions\/3309"}],"wp:featuredmedia":[{"embeddable":true,"href":"https:\/\/www.socialiteen.com\/index.php?rest_route=\/wp\/v2\/media\/3307"}],"wp:attachment":[{"href":"https:\/\/www.socialiteen.com\/index.php?rest_route=%2Fwp%2Fv2%2Fmedia&parent=3295"}],"wp:term":[{"taxonomy":"category","embeddable":true,"href":"https:\/\/www.socialiteen.com\/index.php?rest_route=%2Fwp%2Fv2%2Fcategories&post=3295"},{"taxonomy":"post_tag","embeddable":true,"href":"https:\/\/www.socialiteen.com\/index.php?rest_route=%2Fwp%2Fv2%2Ftags&post=3295"}],"curies":[{"name":"wp","href":"https:\/\/api.w.org\/{rel}","templated":true}]}}