{"id":2801,"date":"2014-03-07T11:50:48","date_gmt":"2014-03-07T17:50:48","guid":{"rendered":"http:\/\/www.socialiteen.com\/?p=2801"},"modified":"2014-03-07T11:50:48","modified_gmt":"2014-03-07T17:50:48","slug":"carla-regina-peralta-jalpa-de-mendez-2014","status":"publish","type":"post","link":"https:\/\/www.socialiteen.com\/?p=2801","title":{"rendered":"Carla Regina Peralta, Jalpa de M\u00e9ndez 2014"},"content":{"rendered":"<p style=\"text-align: justify;\">Del n\u00e1huatl Xal-pan, traducido como lugar sobre arena y teniendo como emblemas las j\u00edcaras labradas y las butifarras les traemos a Carla Regina Peralta Leyva su representante. Esta guapa chica de 17 a\u00f1os se describe como una mujer emprendedora y que cuando se propone algo lo logra, es alegre, feliz, so\u00f1adora y le gusta convivir mucho con su familia.<\/p>\n<p style=\"text-align: justify;\"><a href=\"https:\/\/www.socialiteen.com\/wp-content\/uploads\/2014\/03\/MG_3326.jpg\"><img loading=\"lazy\" decoding=\"async\" class=\"aligncenter size-full wp-image-2802\" alt=\"_MG_3326\" src=\"https:\/\/www.socialiteen.com\/wp-content\/uploads\/2014\/03\/MG_3326.jpg\" width=\"425\" height=\"637\" srcset=\"https:\/\/www.socialiteen.com\/wp-content\/uploads\/2014\/03\/MG_3326.jpg 425w, https:\/\/www.socialiteen.com\/wp-content\/uploads\/2014\/03\/MG_3326-200x300.jpg 200w\" sizes=\"auto, (max-width: 425px) 100vw, 425px\" \/><\/a><\/p>\n<p style=\"text-align: justify;\">Sus habilidades son cocinar, ser excelente en las matem\u00e1ticas y computadoras, en sus debilidades se encentran que es muy sentimental. Entre sus pasatiempo est\u00e1n: ir al cine, estar con su familia, y se va de vacaciones con su novio. Su ejemplo a seguir son sus padres, personas que ha visto caer y levantarse.<\/p>\n<p style=\"text-align: justify;\"><a href=\"https:\/\/www.socialiteen.com\/wp-content\/uploads\/2014\/03\/MG_3470.jpg\"><img loading=\"lazy\" decoding=\"async\" class=\"aligncenter size-full wp-image-2803\" alt=\"_MG_3470\" src=\"https:\/\/www.socialiteen.com\/wp-content\/uploads\/2014\/03\/MG_3470.jpg\" width=\"346\" height=\"569\" srcset=\"https:\/\/www.socialiteen.com\/wp-content\/uploads\/2014\/03\/MG_3470.jpg 346w, https:\/\/www.socialiteen.com\/wp-content\/uploads\/2014\/03\/MG_3470-182x300.jpg 182w\" sizes=\"auto, (max-width: 346px) 100vw, 346px\" \/><\/a><\/p>\n<p style=\"text-align: justify;\">De su municipio les gustan principalmente sus ricas butifarras y claro que la amabilidad de su gente, as\u00ed como sus tradiciones y costumbres. Estudiante de ingenier\u00eda industrial en la Universidad de las Am\u00e9ricas en Puebla, se ve a corto plazo ganar la flor de oro mientras que a largo plazo terminar su carrera y ejercer.<\/p>\n<p style=\"text-align: justify;\">Carla Regina es la segunda embajadoras en su familia, su t\u00eda, Bertha Lila Peralta represento a la tierra de las j\u00edcaras labradas en 1984, con ello, busca ganar la tercera flor de oro para su municipio ganada la ultima vez en 2010.<\/p>\n<p style=\"text-align: justify;\"><a href=\"https:\/\/www.socialiteen.com\/wp-content\/uploads\/2014\/03\/MG_3314.jpg\"><img loading=\"lazy\" decoding=\"async\" class=\"aligncenter size-full wp-image-2804\" alt=\"_MG_3314\" src=\"https:\/\/www.socialiteen.com\/wp-content\/uploads\/2014\/03\/MG_3314.jpg\" width=\"425\" height=\"637\" srcset=\"https:\/\/www.socialiteen.com\/wp-content\/uploads\/2014\/03\/MG_3314.jpg 425w, https:\/\/www.socialiteen.com\/wp-content\/uploads\/2014\/03\/MG_3314-200x300.jpg 200w\" sizes=\"auto, (max-width: 425px) 100vw, 425px\" \/><\/a><\/p>\n<p>&nbsp;<\/p>\n<p><strong>Gustos personales:<\/strong><\/p>\n<p>Pel\u00edcula favorita: Arr\u00e1ncame la vida<\/p>\n<p>M\u00fasica favorita: de todo<\/p>\n<p>Comida favorita: las enchiladas<\/p>\n<p>Libro: el quijote<\/p>\n<p>Perfume: CH<\/p>\n<p>Tip de belleza: Desmaquillarse con aceite de oliva<\/p>\n<p>Agradecemos a nuestros patrocinadores: All Party, Cinemex, Fresh&#8217;n Green, Escuela Liceo, Depilite, No soy Mickey, Vital Dent, Finca La Orbajosa, Spa Dental, Laboratorios del Sureste y Clich\u00e9 Boutique.<\/p>\n<p style=\"text-align: center;\"><a href=\"https:\/\/www.socialiteen.com\/wp-content\/uploads\/2014\/03\/MG_3259.jpg\"><img loading=\"lazy\" decoding=\"async\" class=\"aligncenter  wp-image-2805\" alt=\"_MG_3259\" src=\"https:\/\/www.socialiteen.com\/wp-content\/uploads\/2014\/03\/MG_3259.jpg\" width=\"573\" height=\"383\" srcset=\"https:\/\/www.socialiteen.com\/wp-content\/uploads\/2014\/03\/MG_3259.jpg 637w, https:\/\/www.socialiteen.com\/wp-content\/uploads\/2014\/03\/MG_3259-300x200.jpg 300w\" sizes=\"auto, (max-width: 573px) 100vw, 573px\" \/><\/a><\/p>\n<p style=\"text-align: center;\">Fotograf\u00edas:\u00a0<a href=\"https:\/\/www.facebook.com\/WiloContrerasz?fref=ts\" target=\"_blank\">Wilo Contreras<br \/>\n<\/a>Agradecimientos: Instituto Estatal de Cultura y al Museo Regional de Antropolog\u00eda &#8220;Carlos Pellicer c\u00e1mara&#8221; INAH<\/p>\n<p><a href=\"https:\/\/twitter.com\/sociali_teen\" target=\"_blank\"><img loading=\"lazy\" decoding=\"async\" alt=\"twitter-bird-light-bgs\" src=\"https:\/\/www.socialiteen.com\/wp-content\/uploads\/2012\/12\/twitter-bird-light-bgs.png\" width=\"76\" height=\"76\" \/><\/a><strong><a href=\"https:\/\/twitter.com\/sociali_teen\" target=\"_blank\">S\u00edguenos en Twitter<\/a><\/strong><\/p>\n<div id=\"wp_fb_like_button\" style=\"margin:5px 5px 5px 0;float:left;height:100px;\"><script src=\"http:\/\/connect.facebook.net\/en_US\/all.js#xfbml=1\"><\/script><fb:like href=\"https:\/\/www.socialiteen.com\/?p=2801\" send=\"true\" layout=\"box_count\" width=\"450\" show_faces=\"true\" font=\"arial\" action=\"like\" colorscheme=\"light\"><\/fb:like><\/div>","protected":false},"excerpt":{"rendered":"<p>Del n\u00e1huatl Xal-pan, traducido como lugar sobre arena y teniendo como emblemas las j\u00edcaras labradas y las butifarras les traemos a Carla Regina Peralta Leyva su representante. Esta guapa chica de 17 a\u00f1os se describe como una mujer emprendedora y que cuando se propone algo lo logra, es alegre, feliz, so\u00f1adora y le gusta convivir [&hellip;]<\/p>\n","protected":false},"author":94,"featured_media":2806,"comment_status":"open","ping_status":"closed","sticky":false,"template":"","format":"standard","meta":{"footnotes":""},"categories":[21,17],"tags":[],"class_list":["post-2801","post","type-post","status-publish","format-standard","has-post-thumbnail","hentry","category-feria-tabasco","category-patrocinadores"],"_links":{"self":[{"href":"https:\/\/www.socialiteen.com\/index.php?rest_route=\/wp\/v2\/posts\/2801","targetHints":{"allow":["GET"]}}],"collection":[{"href":"https:\/\/www.socialiteen.com\/index.php?rest_route=\/wp\/v2\/posts"}],"about":[{"href":"https:\/\/www.socialiteen.com\/index.php?rest_route=\/wp\/v2\/types\/post"}],"author":[{"embeddable":true,"href":"https:\/\/www.socialiteen.com\/index.php?rest_route=\/wp\/v2\/users\/94"}],"replies":[{"embeddable":true,"href":"https:\/\/www.socialiteen.com\/index.php?rest_route=%2Fwp%2Fv2%2Fcomments&post=2801"}],"version-history":[{"count":2,"href":"https:\/\/www.socialiteen.com\/index.php?rest_route=\/wp\/v2\/posts\/2801\/revisions"}],"predecessor-version":[{"id":2808,"href":"https:\/\/www.socialiteen.com\/index.php?rest_route=\/wp\/v2\/posts\/2801\/revisions\/2808"}],"wp:featuredmedia":[{"embeddable":true,"href":"https:\/\/www.socialiteen.com\/index.php?rest_route=\/wp\/v2\/media\/2806"}],"wp:attachment":[{"href":"https:\/\/www.socialiteen.com\/index.php?rest_route=%2Fwp%2Fv2%2Fmedia&parent=2801"}],"wp:term":[{"taxonomy":"category","embeddable":true,"href":"https:\/\/www.socialiteen.com\/index.php?rest_route=%2Fwp%2Fv2%2Fcategories&post=2801"},{"taxonomy":"post_tag","embeddable":true,"href":"https:\/\/www.socialiteen.com\/index.php?rest_route=%2Fwp%2Fv2%2Ftags&post=2801"}],"curies":[{"name":"wp","href":"https:\/\/api.w.org\/{rel}","templated":true}]}}