{"id":1957,"date":"2013-11-20T09:54:04","date_gmt":"2013-11-20T15:54:04","guid":{"rendered":"http:\/\/www.socialiteen.com\/?p=1957"},"modified":"2013-11-20T10:10:32","modified_gmt":"2013-11-20T16:10:32","slug":"descubre-donde-esta-el-mkt-en-el-5to-congreso-de-mercadotecnia-internacional","status":"publish","type":"post","link":"https:\/\/www.socialiteen.com\/?p=1957","title":{"rendered":"Descubre \u00bfd\u00f3nde est\u00e1 el MKT? en el 5to Congreso de Mercadotecnia Internacional"},"content":{"rendered":"<p style=\"text-align: justify;\">Como cada a\u00f1o los alumnos de s\u00e9ptimo semestre de la Licenciatura en Mercadotecnia Internacional de la Universidad Aut\u00f3noma de Guadalajara Campus Tabasco, realizaran una edici\u00f3n m\u00e1s del Congreso de Mercadotecnia Internacional, teniendo como pregunta\u00a0&#8220;\u00bfY D\u00f3nde est\u00e1 el MKT?&#8221;, buscan que mediante cuatro conferencias que las personas que no est\u00e9n relacionadas con esta carrera y alumnos a egresar de la preparatoria, conozcan un poco m\u00e1s sobre el fascinante mundo de la mercadotecnia.<\/p>\n<p style=\"text-align: justify;\">Dentro de las conferencias que se ofrecer\u00e1n a los asistentes se encuentran:<\/p>\n<p style=\"text-align: justify;\">\u00bfQu\u00e9 es marketing? por la Lic. Alicia Beltr\u00e1n.<\/p>\n<p style=\"text-align: justify;\">\u00a0Marketing online por el Lic. Salvador Laddaga.<\/p>\n<p style=\"text-align: justify;\">\u00a0Marketing deportivo por el Lic. Jos\u00e9 Luis Dagdug.<\/p>\n<p style=\"text-align: justify;\">\u00a0Imagen\/Branding personal por el Lic. Juan Pablo Altamirano<\/p>\n<p style=\"text-align: justify;\">\u00a0Tem\u00e1ticas relacionados con la carrera, la cual sera de mucha importancia para personas que no esten muy relacionadas con el marketing.<\/p>\n<p style=\"text-align: justify;\">Cabe recordar que este congreso es a beneficio\u00a0del albergue para familiares de enfermos &#8220;Dr. Tomas G. Pellicer&#8221;.<\/p>\n<p style=\"text-align: justify;\">La cita es este Viernes 22 de Noviembre a las 8 horas en el Auditorio\u00a0de la UAG Campus Tabasco.<\/p>\n<p style=\"text-align: center;\"><a href=\"https:\/\/www.socialiteen.com\/wp-content\/uploads\/2013\/11\/1384094_712774488752553_1004782781_n.jpg\"><img loading=\"lazy\" decoding=\"async\" class=\"aligncenter  wp-image-1958\" alt=\"1384094_712774488752553_1004782781_n\" src=\"https:\/\/www.socialiteen.com\/wp-content\/uploads\/2013\/11\/1384094_712774488752553_1004782781_n.jpg\" width=\"613\" height=\"227\" srcset=\"https:\/\/www.socialiteen.com\/wp-content\/uploads\/2013\/11\/1384094_712774488752553_1004782781_n.jpg 851w, https:\/\/www.socialiteen.com\/wp-content\/uploads\/2013\/11\/1384094_712774488752553_1004782781_n-300x111.jpg 300w\" sizes=\"auto, (max-width: 613px) 100vw, 613px\" \/><\/a><\/p>\n<p style=\"text-align: left;\"><a href=\"https:\/\/www.socialiteen.com\/wp-content\/uploads\/2012\/12\/twitter-bird-light-bgs.png\"><img loading=\"lazy\" decoding=\"async\" alt=\"twitter-bird-light-bgs\" src=\"https:\/\/www.socialiteen.com\/wp-content\/uploads\/2012\/12\/twitter-bird-light-bgs.png\" width=\"76\" height=\"76\" \/><\/a><strong><a href=\"https:\/\/twitter.com\/sociali_teen\" target=\"_blank\">S\u00edguenos en Twitter<\/a><\/strong><\/p>\n<div id=\"wp_fb_like_button\" style=\"margin:5px 5px 5px 0;float:left;height:100px;\"><script src=\"http:\/\/connect.facebook.net\/en_US\/all.js#xfbml=1\"><\/script><fb:like href=\"https:\/\/www.socialiteen.com\/?p=1957\" send=\"true\" layout=\"box_count\" width=\"450\" show_faces=\"true\" font=\"arial\" action=\"like\" colorscheme=\"light\"><\/fb:like><\/div>","protected":false},"excerpt":{"rendered":"<p>Como cada a\u00f1o los alumnos de s\u00e9ptimo semestre de la Licenciatura en Mercadotecnia Internacional de la Universidad Aut\u00f3noma de Guadalajara Campus Tabasco, realizaran una edici\u00f3n m\u00e1s del Congreso de Mercadotecnia Internacional, teniendo como pregunta\u00a0&#8220;\u00bfY D\u00f3nde est\u00e1 el MKT?&#8221;, buscan que mediante cuatro conferencias que las personas que no est\u00e9n relacionadas con esta carrera y alumnos [&hellip;]<\/p>\n","protected":false},"author":94,"featured_media":1958,"comment_status":"open","ping_status":"closed","sticky":false,"template":"","format":"standard","meta":{"footnotes":""},"categories":[13],"tags":[],"class_list":["post-1957","post","type-post","status-publish","format-standard","has-post-thumbnail","hentry","category-eventos"],"_links":{"self":[{"href":"https:\/\/www.socialiteen.com\/index.php?rest_route=\/wp\/v2\/posts\/1957","targetHints":{"allow":["GET"]}}],"collection":[{"href":"https:\/\/www.socialiteen.com\/index.php?rest_route=\/wp\/v2\/posts"}],"about":[{"href":"https:\/\/www.socialiteen.com\/index.php?rest_route=\/wp\/v2\/types\/post"}],"author":[{"embeddable":true,"href":"https:\/\/www.socialiteen.com\/index.php?rest_route=\/wp\/v2\/users\/94"}],"replies":[{"embeddable":true,"href":"https:\/\/www.socialiteen.com\/index.php?rest_route=%2Fwp%2Fv2%2Fcomments&post=1957"}],"version-history":[{"count":3,"href":"https:\/\/www.socialiteen.com\/index.php?rest_route=\/wp\/v2\/posts\/1957\/revisions"}],"predecessor-version":[{"id":1960,"href":"https:\/\/www.socialiteen.com\/index.php?rest_route=\/wp\/v2\/posts\/1957\/revisions\/1960"}],"wp:featuredmedia":[{"embeddable":true,"href":"https:\/\/www.socialiteen.com\/index.php?rest_route=\/wp\/v2\/media\/1958"}],"wp:attachment":[{"href":"https:\/\/www.socialiteen.com\/index.php?rest_route=%2Fwp%2Fv2%2Fmedia&parent=1957"}],"wp:term":[{"taxonomy":"category","embeddable":true,"href":"https:\/\/www.socialiteen.com\/index.php?rest_route=%2Fwp%2Fv2%2Fcategories&post=1957"},{"taxonomy":"post_tag","embeddable":true,"href":"https:\/\/www.socialiteen.com\/index.php?rest_route=%2Fwp%2Fv2%2Ftags&post=1957"}],"curies":[{"name":"wp","href":"https:\/\/api.w.org\/{rel}","templated":true}]}}