{"id":1491,"date":"2013-08-26T20:19:13","date_gmt":"2013-08-26T20:19:13","guid":{"rendered":"http:\/\/www.socialiteen.com\/?p=1491"},"modified":"2013-08-26T20:19:13","modified_gmt":"2013-08-26T20:19:13","slug":"eleazar-gomez-y-paulina-goto-protagonizaran-vaselina","status":"publish","type":"post","link":"https:\/\/www.socialiteen.com\/?p=1491","title":{"rendered":"Eleazar G\u00f3mez y Paulina Goto protagonizar\u00e1n &#8220;Vaselina&#8221;"},"content":{"rendered":"<p style=\"text-align: justify;\">Tras la larga espera para conocer a los nuevos protagonistas de esta famosa obra musical que regresa a M\u00e9xico, los\u00a0actores\u00a0Eleazar G\u00f3mez\u00a0y Paulina Goto, fueron confirmados este d\u00eda como los estelares de la obra, la cual\u00a0estar\u00e1 bajo la direcci\u00f3n de Julissa, Ari Borovoy, Paola Nu\u00f1ez y Alejandro Ibarra.<\/p>\n<p style=\"text-align: justify;\">Ambos forman parte de la agrupaci\u00f3n musical &#8216;EME15&#8217;, Eleazar dar\u00e1 vida a &#8216;Danny Seco&#8217; y Paulina a &#8216;Sandy&#8217;, en entrevista, los actores se mostraron muy agradecidos a la producci\u00f3n y tambien con sus fans los cuales los propusieron como estelares.<\/p>\n<p style=\"text-align: justify;\">\u00a0&#8220;A partir de hoy iniciamos este\u00a0nuevo\u00a0proyecto llamado &#8216;Vaselina&#8217;. Les agradezco a cada uno de mis fans (mis pollitos) por apoyarme, por estar en todo momento a mi lado y confiar en m\u00ed. En serio pollitos, no puedo de la felicidad.\u00a0 S\u00e9 que vienen grandes cosas y esta historia entre ustedes y yo a\u00fan no termina&#8221;, escribi\u00f3 Paulina en su cuenta de Twitter.<\/p>\n<p style=\"text-align: justify;\">El musical se estrenara el 17 de Octubre en el Estado de M\u00e9xico.<\/p>\n<p style=\"text-align: justify;\"><a href=\"https:\/\/www.socialiteen.com\/wp-content\/uploads\/2013\/08\/vaselina.jpg\"><img loading=\"lazy\" decoding=\"async\" class=\"aligncenter size-full wp-image-1492\" alt=\"vaselina\" src=\"https:\/\/www.socialiteen.com\/wp-content\/uploads\/2013\/08\/vaselina.jpg\" width=\"505\" height=\"506\" srcset=\"https:\/\/www.socialiteen.com\/wp-content\/uploads\/2013\/08\/vaselina.jpg 505w, https:\/\/www.socialiteen.com\/wp-content\/uploads\/2013\/08\/vaselina-150x150.jpg 150w, https:\/\/www.socialiteen.com\/wp-content\/uploads\/2013\/08\/vaselina-300x300.jpg 300w\" sizes=\"auto, (max-width: 505px) 100vw, 505px\" \/><\/p>\n<p><a href=\"https:\/\/www.socialiteen.com\/wp-content\/uploads\/2012\/12\/twitter-bird-light-bgs.png\"><img loading=\"lazy\" decoding=\"async\" alt=\"twitter-bird-light-bgs\" src=\"https:\/\/www.socialiteen.com\/wp-content\/uploads\/2012\/12\/twitter-bird-light-bgs.png\" width=\"76\" height=\"76\" \/><\/a><strong><a href=\"https:\/\/twitter.com\/sociali_teen\" target=\"_blank\">S\u00edguenos en Twitter<\/a><\/strong><\/a><\/p>\n<h2 itemprop=\"description\"><\/h2>\n<div id=\"wp_fb_like_button\" style=\"margin:5px 5px 5px 0;float:left;height:100px;\"><script src=\"http:\/\/connect.facebook.net\/en_US\/all.js#xfbml=1\"><\/script><fb:like href=\"https:\/\/www.socialiteen.com\/?p=1491\" send=\"true\" layout=\"box_count\" width=\"450\" show_faces=\"true\" font=\"arial\" action=\"like\" colorscheme=\"light\"><\/fb:like><\/div>","protected":false},"excerpt":{"rendered":"<p>Tras la larga espera para conocer a los nuevos protagonistas de esta famosa obra musical que regresa a M\u00e9xico, los\u00a0actores\u00a0Eleazar G\u00f3mez\u00a0y Paulina Goto, fueron confirmados este d\u00eda como los estelares de la obra, la cual\u00a0estar\u00e1 bajo la direcci\u00f3n de Julissa, Ari Borovoy, Paola Nu\u00f1ez y Alejandro Ibarra. Ambos forman parte de la agrupaci\u00f3n musical &#8216;EME15&#8217;, [&hellip;]<\/p>\n","protected":false},"author":94,"featured_media":1493,"comment_status":"open","ping_status":"closed","sticky":false,"template":"","format":"standard","meta":{"footnotes":""},"categories":[16],"tags":[],"class_list":["post-1491","post","type-post","status-publish","format-standard","has-post-thumbnail","hentry","category-famosos"],"_links":{"self":[{"href":"https:\/\/www.socialiteen.com\/index.php?rest_route=\/wp\/v2\/posts\/1491","targetHints":{"allow":["GET"]}}],"collection":[{"href":"https:\/\/www.socialiteen.com\/index.php?rest_route=\/wp\/v2\/posts"}],"about":[{"href":"https:\/\/www.socialiteen.com\/index.php?rest_route=\/wp\/v2\/types\/post"}],"author":[{"embeddable":true,"href":"https:\/\/www.socialiteen.com\/index.php?rest_route=\/wp\/v2\/users\/94"}],"replies":[{"embeddable":true,"href":"https:\/\/www.socialiteen.com\/index.php?rest_route=%2Fwp%2Fv2%2Fcomments&post=1491"}],"version-history":[{"count":2,"href":"https:\/\/www.socialiteen.com\/index.php?rest_route=\/wp\/v2\/posts\/1491\/revisions"}],"predecessor-version":[{"id":1495,"href":"https:\/\/www.socialiteen.com\/index.php?rest_route=\/wp\/v2\/posts\/1491\/revisions\/1495"}],"wp:featuredmedia":[{"embeddable":true,"href":"https:\/\/www.socialiteen.com\/index.php?rest_route=\/wp\/v2\/media\/1493"}],"wp:attachment":[{"href":"https:\/\/www.socialiteen.com\/index.php?rest_route=%2Fwp%2Fv2%2Fmedia&parent=1491"}],"wp:term":[{"taxonomy":"category","embeddable":true,"href":"https:\/\/www.socialiteen.com\/index.php?rest_route=%2Fwp%2Fv2%2Fcategories&post=1491"},{"taxonomy":"post_tag","embeddable":true,"href":"https:\/\/www.socialiteen.com\/index.php?rest_route=%2Fwp%2Fv2%2Ftags&post=1491"}],"curies":[{"name":"wp","href":"https:\/\/api.w.org\/{rel}","templated":true}]}}