{"id":1358,"date":"2013-08-05T15:43:22","date_gmt":"2013-08-05T15:43:22","guid":{"rendered":"http:\/\/www.socialiteen.com\/?p=1358"},"modified":"2013-08-05T15:43:22","modified_gmt":"2013-08-05T15:43:22","slug":"danna-paola-repunta-con-nuevo-sencillo","status":"publish","type":"post","link":"https:\/\/www.socialiteen.com\/?p=1358","title":{"rendered":"Danna Paola repunta con nuevo sencillo"},"content":{"rendered":"<p style=\"text-align: justify;\">Tras hacer el lanzamiento oficial en los premios\u00a0MTV Milennial de su sencillo\u00a0&#8220;Ag\u00fcita&#8221; el cual ya era esperado por todos sus fans, la cantante se encuentra subiendo en los principales conteos de radio difusoras de M\u00e9xico y Latinoamerica.<\/p>\n<p style=\"text-align: justify;\">Luciendo nueva imagen y mostrando su talento, Danna estreno nuevo videoclip donde\u00a0la canci\u00f3n ser\u00e1 tema central en la serie de MTV Ni\u00f1as Mal 2, y estar\u00e1 incluida en la reedici\u00f3n de su disco hom\u00f3nimo, que saldr\u00e1 a la venta el 13 de agosto.<\/p>\n<p style=\"text-align: justify;\">La canci\u00f3n esta en g\u00e9nero electro pop y se espera sea una de las fuertes de la temporada.<em id=\"__mceDel\"><\/em><\/p>\n<p><a href=\"https:\/\/www.socialiteen.com\/wp-content\/uploads\/2013\/07\/cfc76a2d92d2430.jpg\"><img loading=\"lazy\" decoding=\"async\" class=\"aligncenter size-full wp-image-1359\" alt=\"cfc76a2d92d2430\" src=\"https:\/\/www.socialiteen.com\/wp-content\/uploads\/2013\/07\/cfc76a2d92d2430.jpg\" width=\"630\" height=\"430\" srcset=\"https:\/\/www.socialiteen.com\/wp-content\/uploads\/2013\/07\/cfc76a2d92d2430.jpg 630w, https:\/\/www.socialiteen.com\/wp-content\/uploads\/2013\/07\/cfc76a2d92d2430-300x204.jpg 300w\" sizes=\"auto, (max-width: 630px) 100vw, 630px\" \/><\/a><\/p>\n<p>&nbsp;<\/p>\n<p><a href=\"https:\/\/www.socialiteen.com\/wp-content\/uploads\/2012\/12\/twitter-bird-light-bgs.png\"><img loading=\"lazy\" decoding=\"async\" alt=\"twitter-bird-light-bgs\" src=\"https:\/\/www.socialiteen.com\/wp-content\/uploads\/2012\/12\/twitter-bird-light-bgs.png\" width=\"76\" height=\"76\" \/><\/a><strong><a href=\"https:\/\/twitter.com\/sociali_teen\" target=\"_blank\">S\u00edguenos en Twitter<\/a><\/strong><\/p>\n<div id=\"wp_fb_like_button\" style=\"margin:5px 5px 5px 0;float:left;height:100px;\"><script src=\"http:\/\/connect.facebook.net\/en_US\/all.js#xfbml=1\"><\/script><fb:like href=\"https:\/\/www.socialiteen.com\/?p=1358\" send=\"true\" layout=\"box_count\" width=\"450\" show_faces=\"true\" font=\"arial\" action=\"like\" colorscheme=\"light\"><\/fb:like><\/div>","protected":false},"excerpt":{"rendered":"<p>Tras hacer el lanzamiento oficial en los premios\u00a0MTV Milennial de su sencillo\u00a0&#8220;Ag\u00fcita&#8221; el cual ya era esperado por todos sus fans, la cantante se encuentra subiendo en los principales conteos de radio difusoras de M\u00e9xico y Latinoamerica. Luciendo nueva imagen y mostrando su talento, Danna estreno nuevo videoclip donde\u00a0la canci\u00f3n ser\u00e1 tema central en la [&hellip;]<\/p>\n","protected":false},"author":94,"featured_media":1359,"comment_status":"open","ping_status":"closed","sticky":false,"template":"","format":"standard","meta":{"footnotes":""},"categories":[16,19],"tags":[],"class_list":["post-1358","post","type-post","status-publish","format-standard","has-post-thumbnail","hentry","category-famosos","category-musica"],"_links":{"self":[{"href":"https:\/\/www.socialiteen.com\/index.php?rest_route=\/wp\/v2\/posts\/1358","targetHints":{"allow":["GET"]}}],"collection":[{"href":"https:\/\/www.socialiteen.com\/index.php?rest_route=\/wp\/v2\/posts"}],"about":[{"href":"https:\/\/www.socialiteen.com\/index.php?rest_route=\/wp\/v2\/types\/post"}],"author":[{"embeddable":true,"href":"https:\/\/www.socialiteen.com\/index.php?rest_route=\/wp\/v2\/users\/94"}],"replies":[{"embeddable":true,"href":"https:\/\/www.socialiteen.com\/index.php?rest_route=%2Fwp%2Fv2%2Fcomments&post=1358"}],"version-history":[{"count":3,"href":"https:\/\/www.socialiteen.com\/index.php?rest_route=\/wp\/v2\/posts\/1358\/revisions"}],"predecessor-version":[{"id":1362,"href":"https:\/\/www.socialiteen.com\/index.php?rest_route=\/wp\/v2\/posts\/1358\/revisions\/1362"}],"wp:featuredmedia":[{"embeddable":true,"href":"https:\/\/www.socialiteen.com\/index.php?rest_route=\/wp\/v2\/media\/1359"}],"wp:attachment":[{"href":"https:\/\/www.socialiteen.com\/index.php?rest_route=%2Fwp%2Fv2%2Fmedia&parent=1358"}],"wp:term":[{"taxonomy":"category","embeddable":true,"href":"https:\/\/www.socialiteen.com\/index.php?rest_route=%2Fwp%2Fv2%2Fcategories&post=1358"},{"taxonomy":"post_tag","embeddable":true,"href":"https:\/\/www.socialiteen.com\/index.php?rest_route=%2Fwp%2Fv2%2Ftags&post=1358"}],"curies":[{"name":"wp","href":"https:\/\/api.w.org\/{rel}","templated":true}]}}