{"id":13557,"date":"2026-03-02T12:18:00","date_gmt":"2026-03-02T18:18:00","guid":{"rendered":"https:\/\/www.socialiteen.com\/?p=13557"},"modified":"2026-03-11T12:23:01","modified_gmt":"2026-03-11T18:23:01","slug":"shakira-rompe-record-de-asistencia-con-400-mil-fans-en-el-zocalo","status":"publish","type":"post","link":"https:\/\/www.socialiteen.com\/?p=13557","title":{"rendered":"SHAKIRA rompe r\u00e9cord de asistencia con 400 mil fans en el Z\u00f3calo"},"content":{"rendered":"\n<p><strong>LA artista latina m\u00e1s grande de todos los tiempos,<\/strong>\u00a0<strong>SHAKIRA<\/strong>, cerr\u00f3 en lo m\u00e1s alto su exitosa gira por\u00a0<strong>M\u00e9xico<\/strong>\u00a0con\u00a0<strong>Las Mujeres Ya No Lloran World Tour<\/strong>, al romper el r\u00e9cord hist\u00f3rico de\u00a0<strong>400 mil fans<\/strong>\u00a0que se congregaron en el\u00a0<strong>Z\u00f3calo<\/strong>\u00a0de la\u00a0<strong>Ciudad de M\u00e9xico<\/strong>, la\u00a0<strong>Alameda Central<\/strong>\u00a0y el\u00a0<strong>Monumento a la Revoluci\u00f3n<\/strong>, para acompa\u00f1ar a la estrella colombiana durante una memorable cita que quedar\u00e1 registrada en la historia musical de la capital mexicana.<\/p>\n\n\n\n<p>El evento, de acceso gratuito, fue organizado, de manera conjunta, por el&nbsp;<strong>Gobierno de la Ciudad de M\u00e9xico<\/strong>, encabezado por&nbsp;<strong>Clara Brugada Molina<\/strong>, y&nbsp;<strong>Grupo Modelo<\/strong>, a trav\u00e9s de&nbsp;<strong>Corona<\/strong>, en el marco de sus 100 a\u00f1os, y producido por&nbsp;<strong>OCESA<\/strong>. Ah\u00ed,&nbsp;<strong>SHAKIRA<\/strong>&nbsp;reafirm\u00f3 su posici\u00f3n de superestrella mundial, con una producci\u00f3n de primer nivel y una impactante puesta en escena, sumada al repertorio lleno de \u00e9xitos como&nbsp;<strong>\u201cAntolog\u00eda\u201d, \u201cLoba\u201d y \u201cBzrp Music Sessions, Vol. 53\u201d<\/strong>, que hicieron retumbar como nunca antes la plaza p\u00fablica m\u00e1s emblem\u00e1tica de&nbsp;<strong>M\u00e9xico<\/strong>.<\/p>\n\n\n\n<p>El furor por ver a&nbsp;<strong>SHAKIRA<\/strong>&nbsp;se extendi\u00f3 hasta la&nbsp;<strong>Plaza de la Constituci\u00f3n<\/strong>&nbsp;y calles aleda\u00f1as, como&nbsp;<strong>16 de Septiembre<\/strong>,&nbsp;<strong>Madero, 5 de Mayo, Pino Su\u00e1rez<\/strong>&nbsp;y&nbsp;<strong>20 de Noviembre<\/strong>, donde los fans tambi\u00e9n disfrutaron con tranquilidad y seguridad de un espect\u00e1culo que destac\u00f3 no solo por la presencia de un \u00edcono mundial en el escenario, sino por la impecable organizaci\u00f3n del evento y el despliegue de un operativo de seguridad que permiti\u00f3 concluir el concierto con saldo blanco.<\/p>\n\n\n\n<p>Este logro consolida el impacto cultural, social y econ\u00f3mico de&nbsp;<strong>SHAKIRA<\/strong>, al generar, tan s\u00f3lo este domingo, un estimado de&nbsp;<strong>403 millones 614 mil pesos<\/strong>&nbsp;para hoteles restaurantes y establecimientos comerciales, de acuerdo con cifras de la&nbsp;<strong>C\u00e1mara Nacional de Comercio<\/strong>,&nbsp;<strong>Servicios y Turismo de la Ciudad de M\u00e9xico<\/strong>&nbsp;<strong>(CANACO CDMX)<\/strong>; adem\u00e1s de fortalecer su conexi\u00f3n con uno de sus p\u00fablicos m\u00e1s fieles a lo largo de su trayectoria, que la abraz\u00f3 como a una mexicana.<\/p>\n\n\n\n<p><strong>\u201cEsto es un sue\u00f1o. Much\u00edsimas gracias a los que han estado acampando desde temprano bajo el sol. Como siempre, venciendo todos los obst\u00e1culos junto conmigo. Hoy tengo una mezcla de emoci\u00f3n, de nostalgia y de agradecimiento, porque hoy es el \u00faltimo d\u00eda de nuestra gira en M\u00e9xico, mi casa\u201d,<\/strong>&nbsp;fueron las palabras con las que&nbsp;<strong>SHAKIRA<\/strong>&nbsp;dio la bienvenida al p\u00fablico mexicano en el comienzo de una celebraci\u00f3n irrepetible.<\/p>\n\n\n\n<p>El poder de convocatoria de la colombiana y su capacidad para movilizar a una ciudad entera, marcaron un cap\u00edtulo irrepetible en la historia del entretenimiento en vivo. La noche se convirti\u00f3 en el testimonio del poder de la m\u00fasica latina y la capacidad de&nbsp;<strong>Ciudad de M\u00e9xico<\/strong>&nbsp;para albergar espect\u00e1culos de la m\u00e1s alta calidad y relevancia ante los ojos del mundo.<\/p>\n\n\n\n<figure class=\"wp-block-image size-full is-resized\"><img loading=\"lazy\" decoding=\"async\" width=\"414\" height=\"609\" src=\"https:\/\/www.socialiteen.com\/wp-content\/uploads\/2026\/03\/image005.png\" alt=\"\" class=\"wp-image-13558\" style=\"aspect-ratio:0.6798121824806281;width:629px;height:auto\" srcset=\"https:\/\/www.socialiteen.com\/wp-content\/uploads\/2026\/03\/image005.png 414w, https:\/\/www.socialiteen.com\/wp-content\/uploads\/2026\/03\/image005-204x300.png 204w\" sizes=\"auto, (max-width: 414px) 100vw, 414px\" \/><\/figure>\n\n\n\n<p><\/p>\n<div id=\"wp_fb_like_button\" style=\"margin:5px 5px 5px 0;float:left;height:100px;\"><script src=\"http:\/\/connect.facebook.net\/en_US\/all.js#xfbml=1\"><\/script><fb:like href=\"https:\/\/www.socialiteen.com\/?p=13557\" send=\"true\" layout=\"box_count\" width=\"450\" show_faces=\"true\" font=\"arial\" action=\"like\" colorscheme=\"light\"><\/fb:like><\/div>","protected":false},"excerpt":{"rendered":"<p>LA artista latina m\u00e1s grande de todos los tiempos,\u00a0SHAKIRA, cerr\u00f3 en lo m\u00e1s alto su exitosa gira por\u00a0M\u00e9xico\u00a0con\u00a0Las Mujeres Ya No Lloran World Tour, al romper el r\u00e9cord hist\u00f3rico de\u00a0400 mil fans\u00a0que se congregaron en el\u00a0Z\u00f3calo\u00a0de la\u00a0Ciudad de M\u00e9xico, la\u00a0Alameda Central\u00a0y el\u00a0Monumento a la Revoluci\u00f3n, para acompa\u00f1ar a la estrella colombiana durante una memorable cita [&hellip;]<\/p>\n","protected":false},"author":95,"featured_media":13559,"comment_status":"closed","ping_status":"closed","sticky":false,"template":"","format":"standard","meta":{"footnotes":""},"categories":[19],"tags":[],"class_list":["post-13557","post","type-post","status-publish","format-standard","has-post-thumbnail","hentry","category-musica"],"_links":{"self":[{"href":"https:\/\/www.socialiteen.com\/index.php?rest_route=\/wp\/v2\/posts\/13557","targetHints":{"allow":["GET"]}}],"collection":[{"href":"https:\/\/www.socialiteen.com\/index.php?rest_route=\/wp\/v2\/posts"}],"about":[{"href":"https:\/\/www.socialiteen.com\/index.php?rest_route=\/wp\/v2\/types\/post"}],"author":[{"embeddable":true,"href":"https:\/\/www.socialiteen.com\/index.php?rest_route=\/wp\/v2\/users\/95"}],"replies":[{"embeddable":true,"href":"https:\/\/www.socialiteen.com\/index.php?rest_route=%2Fwp%2Fv2%2Fcomments&post=13557"}],"version-history":[{"count":1,"href":"https:\/\/www.socialiteen.com\/index.php?rest_route=\/wp\/v2\/posts\/13557\/revisions"}],"predecessor-version":[{"id":13560,"href":"https:\/\/www.socialiteen.com\/index.php?rest_route=\/wp\/v2\/posts\/13557\/revisions\/13560"}],"wp:featuredmedia":[{"embeddable":true,"href":"https:\/\/www.socialiteen.com\/index.php?rest_route=\/wp\/v2\/media\/13559"}],"wp:attachment":[{"href":"https:\/\/www.socialiteen.com\/index.php?rest_route=%2Fwp%2Fv2%2Fmedia&parent=13557"}],"wp:term":[{"taxonomy":"category","embeddable":true,"href":"https:\/\/www.socialiteen.com\/index.php?rest_route=%2Fwp%2Fv2%2Fcategories&post=13557"},{"taxonomy":"post_tag","embeddable":true,"href":"https:\/\/www.socialiteen.com\/index.php?rest_route=%2Fwp%2Fv2%2Ftags&post=13557"}],"curies":[{"name":"wp","href":"https:\/\/api.w.org\/{rel}","templated":true}]}}