{"id":13549,"date":"2026-03-04T18:07:00","date_gmt":"2026-03-05T00:07:00","guid":{"rendered":"https:\/\/www.socialiteen.com\/?p=13549"},"modified":"2026-03-11T12:23:58","modified_gmt":"2026-03-11T18:23:58","slug":"shakira-estrena-cancion","status":"publish","type":"post","link":"https:\/\/www.socialiteen.com\/?p=13549","title":{"rendered":"SHAKIRA estrena canci\u00f3n\u00a0"},"content":{"rendered":"\n<p><strong>SHAKIRA<\/strong>\u00a0y<strong>\u00a0Be\u00e9le<\/strong>\u00a0presentaron el tema en vivo el pasado fin de semana en el\u00a0<strong>Z\u00f3calo<\/strong>\u00a0de la\u00a0<strong>Ciudad de M\u00e9xico<\/strong>, que se convirti\u00f3 en el evento m\u00e1s multitudinario en la historia del lugar. Interpretando\u00a0<strong>\u201cALGO T\u00da\u201d<\/strong>\u00a0ante m\u00e1s de\u00a0<strong>400 mil fans<\/strong>, el d\u00fao electriz\u00f3 la plaza, generando una gran expectativa por el lanzamiento de la canci\u00f3n.<\/p>\n\n\n\n<p>En&nbsp;<strong>\u201cALGO T\u00da\u201d<\/strong>&nbsp;los estilos de&nbsp;<strong>SHAKIRA<\/strong>&nbsp;y&nbsp;<strong>Be\u00e9le<\/strong>&nbsp;se complementan a la perfecci\u00f3n en el&nbsp;<em>track<\/em>, resultando en una fusi\u00f3n incre\u00edble de latino y afro, con un gui\u00f1o a instrumentos aut\u00f3ctonos y sonidos como la gaita colombiana (flauta), recordando a&nbsp;<strong>Barranquilla<\/strong>, ciudad natal de ambos.<\/p>\n\n\n\n<p><strong>Esta es la segunda colaboraci\u00f3n entre SHAKIRA y Be\u00e9le, que vuelven a unirse tras su versi\u00f3n de \u201cHips Don\u2019t Lie\u201d junto a Ed Sheeran en 2025 como parte de la serie Spotify Anniversary en celebraci\u00f3n de su \u00e1lbum&nbsp;<em>Oral Fixation, Vol. 2<\/em>. (2005).<\/strong><\/p>\n\n\n\n<p>Este concierto ha generado a\u00fan m\u00e1s expectativa para el regreso de&nbsp;<strong>SHAKIRA<\/strong>&nbsp;a la&nbsp;<strong>Playa de Copacabana<\/strong>, en&nbsp;<strong>R\u00edo de Janeiro,<\/strong>&nbsp;donde se presentar\u00e1 en el concierto&nbsp;<strong>Todo Mundo No Rio<\/strong>&nbsp;el pr\u00f3ximo 2 de mayo. El show gratuito ser\u00e1 un vibrante espect\u00e1culo en el que la colombiana interpretar\u00e1 sus mayores \u00e9xitos a lo largo de toda su carrera y continuar\u00e1 su \u00e9pica gira mundial durante 2026.<\/p>\n\n\n\n<p>El lanzamiento de&nbsp;<strong>\u201cALGO T\u00da\u201d<\/strong>&nbsp;llega luego de que&nbsp;<strong>SHAKIRA<\/strong>&nbsp;fuese coronada por&nbsp;<strong>Billboard<\/strong>&nbsp;por la&nbsp;<strong><em>\u201cgira hispana m\u00e1s taquillera de todos los tiempos\u201d<\/em><\/strong>, con su reciente&nbsp;<strong>Las Mujeres Ya No Lloran World Tour<\/strong>, que alcanz\u00f3 ingresos brutos de&nbsp;<strong>$421.6 millones<\/strong>&nbsp;e incluy\u00f3&nbsp;<strong>82 shows<\/strong>&nbsp;de estadio en todo Estados Unidos y Latinoam\u00e9rica, con m\u00e1s de 3.3 millones de asistentes.<\/p>\n\n\n\n<figure class=\"wp-block-image size-full is-resized\"><img loading=\"lazy\" decoding=\"async\" width=\"448\" height=\"607\" src=\"https:\/\/www.socialiteen.com\/wp-content\/uploads\/2026\/03\/image002.png\" alt=\"\" class=\"wp-image-13550\" style=\"aspect-ratio:0.7380682695773052;width:664px;height:auto\" srcset=\"https:\/\/www.socialiteen.com\/wp-content\/uploads\/2026\/03\/image002.png 448w, https:\/\/www.socialiteen.com\/wp-content\/uploads\/2026\/03\/image002-221x300.png 221w\" sizes=\"auto, (max-width: 448px) 100vw, 448px\" \/><\/figure>\n<div id=\"wp_fb_like_button\" style=\"margin:5px 5px 5px 0;float:left;height:100px;\"><script src=\"http:\/\/connect.facebook.net\/en_US\/all.js#xfbml=1\"><\/script><fb:like href=\"https:\/\/www.socialiteen.com\/?p=13549\" send=\"true\" layout=\"box_count\" width=\"450\" show_faces=\"true\" font=\"arial\" action=\"like\" colorscheme=\"light\"><\/fb:like><\/div>","protected":false},"excerpt":{"rendered":"<p>SHAKIRA\u00a0y\u00a0Be\u00e9le\u00a0presentaron el tema en vivo el pasado fin de semana en el\u00a0Z\u00f3calo\u00a0de la\u00a0Ciudad de M\u00e9xico, que se convirti\u00f3 en el evento m\u00e1s multitudinario en la historia del lugar. Interpretando\u00a0\u201cALGO T\u00da\u201d\u00a0ante m\u00e1s de\u00a0400 mil fans, el d\u00fao electriz\u00f3 la plaza, generando una gran expectativa por el lanzamiento de la canci\u00f3n. En&nbsp;\u201cALGO T\u00da\u201d&nbsp;los estilos de&nbsp;SHAKIRA&nbsp;y&nbsp;Be\u00e9le&nbsp;se complementan a [&hellip;]<\/p>\n","protected":false},"author":95,"featured_media":13551,"comment_status":"closed","ping_status":"closed","sticky":false,"template":"","format":"standard","meta":{"footnotes":""},"categories":[19],"tags":[],"class_list":["post-13549","post","type-post","status-publish","format-standard","has-post-thumbnail","hentry","category-musica"],"_links":{"self":[{"href":"https:\/\/www.socialiteen.com\/index.php?rest_route=\/wp\/v2\/posts\/13549","targetHints":{"allow":["GET"]}}],"collection":[{"href":"https:\/\/www.socialiteen.com\/index.php?rest_route=\/wp\/v2\/posts"}],"about":[{"href":"https:\/\/www.socialiteen.com\/index.php?rest_route=\/wp\/v2\/types\/post"}],"author":[{"embeddable":true,"href":"https:\/\/www.socialiteen.com\/index.php?rest_route=\/wp\/v2\/users\/95"}],"replies":[{"embeddable":true,"href":"https:\/\/www.socialiteen.com\/index.php?rest_route=%2Fwp%2Fv2%2Fcomments&post=13549"}],"version-history":[{"count":1,"href":"https:\/\/www.socialiteen.com\/index.php?rest_route=\/wp\/v2\/posts\/13549\/revisions"}],"predecessor-version":[{"id":13552,"href":"https:\/\/www.socialiteen.com\/index.php?rest_route=\/wp\/v2\/posts\/13549\/revisions\/13552"}],"wp:featuredmedia":[{"embeddable":true,"href":"https:\/\/www.socialiteen.com\/index.php?rest_route=\/wp\/v2\/media\/13551"}],"wp:attachment":[{"href":"https:\/\/www.socialiteen.com\/index.php?rest_route=%2Fwp%2Fv2%2Fmedia&parent=13549"}],"wp:term":[{"taxonomy":"category","embeddable":true,"href":"https:\/\/www.socialiteen.com\/index.php?rest_route=%2Fwp%2Fv2%2Fcategories&post=13549"},{"taxonomy":"post_tag","embeddable":true,"href":"https:\/\/www.socialiteen.com\/index.php?rest_route=%2Fwp%2Fv2%2Ftags&post=13549"}],"curies":[{"name":"wp","href":"https:\/\/api.w.org\/{rel}","templated":true}]}}