{"id":12671,"date":"2024-03-05T14:38:00","date_gmt":"2024-03-05T20:38:00","guid":{"rendered":"https:\/\/www.socialiteen.com\/?p=12671"},"modified":"2024-03-12T23:45:08","modified_gmt":"2024-03-13T05:45:08","slug":"confirmados-para-la-tercera-edicion-de-vidcon-mexico","status":"publish","type":"post","link":"https:\/\/www.socialiteen.com\/?p=12671","title":{"rendered":"\u00a1Confirmados para la tercera edici\u00f3n de VidCon M\u00e9xico!"},"content":{"rendered":"\n<p><strong>&nbsp;<\/strong><strong>VidCon<\/strong>, la convenci\u00f3n anual de creadores de contenido m\u00e1s importante en el mundo y \u00fanica en su ramo,&nbsp;<strong>vuelve por su tercera edici\u00f3n consecutiva en M\u00e9xico<\/strong>&nbsp;para seguir creando experiencias \u00fanicas en donde los fans, usuarios de redes sociales, web y p\u00fablico en general, podr\u00e1n disfrutar por 3 d\u00edas paneles y sesions, meet &amp; greets, actividades y presentaciones en vivo, de la mano de sus creadores de contenido favoritos, as\u00ed como de especialistas que est\u00e1n innovando en la industria digital.<br \/>&nbsp;<\/p>\n\n\n\n<p>Este a\u00f1o, los primeros talentos confirmados son:\u00a0<strong>Wendy Guevara<\/strong>, actriz y cantante mexicana, integrante de \u201cLas Perdidas\u201d y ganadora de la edici\u00f3n 2023 de \u201cLa Casa de los Famosos\u201d;\u00a0<strong>MissaSinfon\u00eda<\/strong>, popular YouTuber con una larga trayector\u00eda en redes sociales reconocido por su irreverencia;\u00a0<strong>Spreen<\/strong>, uno de los streamers y YouTubers m\u00e1s grandes de Latinoam\u00e9rica;\u00a0<strong>Esen Alva<\/strong>, TikToker que ha ganado atenci\u00f3n por sus c\u00f3micas parodias, retos y reacciones y\u00a0<strong>Yolo Aventuras<\/strong>, un canal conformado por\u00a0<em>Nando, Panda<\/em>\u00a0y\u00a0<em>Yolo<\/em>\u00a0con contenidos llenos de m\u00fasica e imaginaci\u00f3n para toda la familia. Todos ellos engalanar\u00e1n el evento con su carisma, ingenio y picard\u00eda.\u00a0<\/p>\n\n\n\n<figure class=\"wp-block-image size-large is-resized\"><img loading=\"lazy\" decoding=\"async\" width=\"819\" height=\"1024\" src=\"https:\/\/www.socialiteen.com\/wp-content\/uploads\/2024\/03\/Wendy-4x5-1-819x1024.png\" alt=\"\" class=\"wp-image-12672\" style=\"width:742px;height:auto\" srcset=\"https:\/\/www.socialiteen.com\/wp-content\/uploads\/2024\/03\/Wendy-4x5-1-819x1024.png 819w, https:\/\/www.socialiteen.com\/wp-content\/uploads\/2024\/03\/Wendy-4x5-1-240x300.png 240w, https:\/\/www.socialiteen.com\/wp-content\/uploads\/2024\/03\/Wendy-4x5-1-768x960.png 768w, https:\/\/www.socialiteen.com\/wp-content\/uploads\/2024\/03\/Wendy-4x5-1.png 1080w\" sizes=\"auto, (max-width: 819px) 100vw, 819px\" \/><\/figure>\n\n\n\n<p><br \/>\u00a0Adicionalmente, los boletos\u00a0<strong>est\u00e1n disponibles a la venta a partir de hoy\u00a0<\/strong>y tendr\u00e1n un costo especial\u00a0<strong>vigente hasta el 8 de marzo o hasta agotar existencias<\/strong>\u00a0para su etapa inicial. <\/p>\n\n\n\n<p>El boleto del\u00a0<strong>Track de Comunidad<\/strong>\u00a0tendr\u00e1 un costo de\u00a0<strong>$800 MXN<\/strong>\u00a0y los poseedores de ese boleto podr\u00e1n disfrutar todo lo que VidCon tiene preparados para ellos del\u00a0<strong>9 al 11 de agosto<\/strong>. Por otro lado, el boleto del\u00a0<strong>Track de Industria<\/strong>\u00a0tendr\u00e1 un costo de\u00a0<strong>$5,000 MXN<\/strong>\u00a0y cubrir\u00e1 todas las actividades de ese Track desde primeras horas del\u00a0<strong>viernes 9 de agosto<\/strong>\u00a0, brindando conferencias, asesor\u00edas y networking para especialistas de la industria digital adicional a toda la programaci\u00f3n del fin de semana inclu\u00edda en el Track de Comunidad\u00a0<strong>hasta el 11 de agosto<\/strong>.<\/p>\n\n\n\n<figure class=\"wp-block-image size-large is-resized\"><img loading=\"lazy\" decoding=\"async\" width=\"819\" height=\"1024\" src=\"https:\/\/www.socialiteen.com\/wp-content\/uploads\/2024\/03\/Spreen-4x5-1-819x1024.png\" alt=\"\" class=\"wp-image-12673\" style=\"width:740px;height:auto\" srcset=\"https:\/\/www.socialiteen.com\/wp-content\/uploads\/2024\/03\/Spreen-4x5-1-819x1024.png 819w, https:\/\/www.socialiteen.com\/wp-content\/uploads\/2024\/03\/Spreen-4x5-1-240x300.png 240w, https:\/\/www.socialiteen.com\/wp-content\/uploads\/2024\/03\/Spreen-4x5-1-768x960.png 768w, https:\/\/www.socialiteen.com\/wp-content\/uploads\/2024\/03\/Spreen-4x5-1.png 1080w\" sizes=\"auto, (max-width: 819px) 100vw, 819px\" \/><\/figure>\n\n\n\n<p><br \/>\u00a0<\/p>\n\n\n\n<p>Como se anunci\u00f3 anteriormente,\u00a0<strong>VidCon<\/strong>\u00a0se volver\u00e1 a llevar a cabo en el\u00a0<strong>Centro Citibanamex<\/strong>\u00a0y promete ser \u00a1la mejor y m\u00e1s divertida edici\u00f3n hasta ahora!<\/p>\n\n\n\n<p>Vidcon es donde los principales creadores digitales del mundo, las plataformas innovadoras y sus fans convergen en un solo lugar. \u00a1Es la magia de los creadores online en la vida real!.&nbsp;<\/p>\n\n\n\n<p>Se revelar\u00e1n m\u00e1s detalles en los pr\u00f3ximos d\u00edas. Para m\u00e1s informaci\u00f3n por favor ingresa a\u00a0<a href=\"https:\/\/mtvla.us16.list-manage.com\/track\/click?u=e75c8c8ea3616122ed5c8a1f3&amp;id=68ab2e399d&amp;e=f1c729e16d\" target=\"_blank\" rel=\"noreferrer noopener\">https:\/\/vidcon<\/a>.com\/mexico<\/p>\n\n\n\n<figure class=\"wp-block-image size-large is-resized\"><img loading=\"lazy\" decoding=\"async\" width=\"819\" height=\"1024\" src=\"https:\/\/www.socialiteen.com\/wp-content\/uploads\/2024\/03\/Headliners-4x5-1-819x1024.png\" alt=\"\" class=\"wp-image-12674\" style=\"width:738px;height:auto\" srcset=\"https:\/\/www.socialiteen.com\/wp-content\/uploads\/2024\/03\/Headliners-4x5-1-819x1024.png 819w, https:\/\/www.socialiteen.com\/wp-content\/uploads\/2024\/03\/Headliners-4x5-1-240x300.png 240w, https:\/\/www.socialiteen.com\/wp-content\/uploads\/2024\/03\/Headliners-4x5-1-768x960.png 768w, https:\/\/www.socialiteen.com\/wp-content\/uploads\/2024\/03\/Headliners-4x5-1.png 1080w\" sizes=\"auto, (max-width: 819px) 100vw, 819px\" \/><\/figure>\n<div id=\"wp_fb_like_button\" style=\"margin:5px 5px 5px 0;float:left;height:100px;\"><script src=\"http:\/\/connect.facebook.net\/en_US\/all.js#xfbml=1\"><\/script><fb:like href=\"https:\/\/www.socialiteen.com\/?p=12671\" send=\"true\" layout=\"box_count\" width=\"450\" show_faces=\"true\" font=\"arial\" action=\"like\" colorscheme=\"light\"><\/fb:like><\/div>","protected":false},"excerpt":{"rendered":"<p>&nbsp;VidCon, la convenci\u00f3n anual de creadores de contenido m\u00e1s importante en el mundo y \u00fanica en su ramo,&nbsp;vuelve por su tercera edici\u00f3n consecutiva en M\u00e9xico&nbsp;para seguir creando experiencias \u00fanicas en donde los fans, usuarios de redes sociales, web y p\u00fablico en general, podr\u00e1n disfrutar por 3 d\u00edas paneles y sesions, meet &amp; greets, actividades y [&hellip;]<\/p>\n","protected":false},"author":95,"featured_media":12675,"comment_status":"closed","ping_status":"closed","sticky":false,"template":"","format":"standard","meta":{"footnotes":""},"categories":[13],"tags":[],"class_list":["post-12671","post","type-post","status-publish","format-standard","has-post-thumbnail","hentry","category-eventos"],"_links":{"self":[{"href":"https:\/\/www.socialiteen.com\/index.php?rest_route=\/wp\/v2\/posts\/12671","targetHints":{"allow":["GET"]}}],"collection":[{"href":"https:\/\/www.socialiteen.com\/index.php?rest_route=\/wp\/v2\/posts"}],"about":[{"href":"https:\/\/www.socialiteen.com\/index.php?rest_route=\/wp\/v2\/types\/post"}],"author":[{"embeddable":true,"href":"https:\/\/www.socialiteen.com\/index.php?rest_route=\/wp\/v2\/users\/95"}],"replies":[{"embeddable":true,"href":"https:\/\/www.socialiteen.com\/index.php?rest_route=%2Fwp%2Fv2%2Fcomments&post=12671"}],"version-history":[{"count":1,"href":"https:\/\/www.socialiteen.com\/index.php?rest_route=\/wp\/v2\/posts\/12671\/revisions"}],"predecessor-version":[{"id":12676,"href":"https:\/\/www.socialiteen.com\/index.php?rest_route=\/wp\/v2\/posts\/12671\/revisions\/12676"}],"wp:featuredmedia":[{"embeddable":true,"href":"https:\/\/www.socialiteen.com\/index.php?rest_route=\/wp\/v2\/media\/12675"}],"wp:attachment":[{"href":"https:\/\/www.socialiteen.com\/index.php?rest_route=%2Fwp%2Fv2%2Fmedia&parent=12671"}],"wp:term":[{"taxonomy":"category","embeddable":true,"href":"https:\/\/www.socialiteen.com\/index.php?rest_route=%2Fwp%2Fv2%2Fcategories&post=12671"},{"taxonomy":"post_tag","embeddable":true,"href":"https:\/\/www.socialiteen.com\/index.php?rest_route=%2Fwp%2Fv2%2Ftags&post=12671"}],"curies":[{"name":"wp","href":"https:\/\/api.w.org\/{rel}","templated":true}]}}