{"id":12361,"date":"2023-07-31T16:56:55","date_gmt":"2023-07-31T22:56:55","guid":{"rendered":"https:\/\/www.socialiteen.com\/?p=12361"},"modified":"2023-07-31T16:56:55","modified_gmt":"2023-07-31T22:56:55","slug":"entrevista-con-doris-jocelyn","status":"publish","type":"post","link":"https:\/\/www.socialiteen.com\/?p=12361","title":{"rendered":"Entrevista con Doris Jocelyn"},"content":{"rendered":"\n<p>Este mes traemos en la entrevista exclusiva a una joven que gracias a su talento y autenticidad logra conquistar al p\u00fablico, con m\u00e1s de 2 millones de seguidores es sin duda una de las influencers del momento, ahora nos revela sus tips para lograr el \u00e9xito en social media y las vivencias que ha obtenido en su carrera, es hora de presentarles a Doris Jocelyn , no te pierdas la entrevista en socialiteen.com \u00a0<\/p>\n\n\n\n<p><\/p>\n\n\n\n<p>Buen d\u00eda Doris, agradecemos mucho el tiempo que brindas a los lectores de socialiteen, queremos arrancar con esta entrevista pregunt\u00e1ndote \u00bfC\u00f3mo nace la inquietud por las redes sociales y la carrera que hoy conocemos?<\/p>\n\n\n\n<p>Doris Jocelyn: \u00a0Hay muchos tipos de contenidos diferentes y no puedo hablar por todos, pero tratando de generalizar, yo creo que lo atractivo de las redes sociales es que es un contenido m\u00e1s \u00edntimo del que est\u00e1bamos acostumbrados, con artistas de m\u00fasica y televisi\u00f3n hay una cierta capa que nos impide conectar con ellos y en redes sociales siento que es m\u00e1s f\u00e1cil deshacerse de esa capa, por eso fue que me llam\u00f3 la atenci\u00f3n el ser influencer.<\/p>\n\n\n\n<figure class=\"wp-block-image size-large is-resized\"><img loading=\"lazy\" decoding=\"async\" src=\"https:\/\/www.socialiteen.com\/wp-content\/uploads\/2023\/07\/0A7A8589-683x1024.jpg\" alt=\"\" class=\"wp-image-12362\" width=\"683\" height=\"1024\" srcset=\"https:\/\/www.socialiteen.com\/wp-content\/uploads\/2023\/07\/0A7A8589-683x1024.jpg 683w, https:\/\/www.socialiteen.com\/wp-content\/uploads\/2023\/07\/0A7A8589-200x300.jpg 200w, https:\/\/www.socialiteen.com\/wp-content\/uploads\/2023\/07\/0A7A8589-768x1152.jpg 768w, https:\/\/www.socialiteen.com\/wp-content\/uploads\/2023\/07\/0A7A8589-1024x1536.jpg 1024w, https:\/\/www.socialiteen.com\/wp-content\/uploads\/2023\/07\/0A7A8589-1365x2048.jpg 1365w, https:\/\/www.socialiteen.com\/wp-content\/uploads\/2023\/07\/0A7A8589-scaled.jpg 1707w\" sizes=\"auto, (max-width: 683px) 100vw, 683px\" \/><figcaption>Photo\u00a0<a href=\"https:\/\/www.instagram.com\/diego_euroza\/\">@diego_euroza<\/a>\u00a0\/ Makeup\u00a0<a href=\"https:\/\/www.instagram.com\/naathcastillomk\/\">@naathcastillomk<\/a>\u00a0\/ Hair\u00a0<a href=\"https:\/\/www.instagram.com\/juliodelatorrehair\/\">@juliodelatorrehair<\/a>\u00a0\/ Stylist\u00a0<a href=\"https:\/\/www.instagram.com\/_mrproject\/\">@_mrproject<\/a>\u00a0<a href=\"https:\/\/www.instagram.com\/mrmikeju\/\">@mrmikeju<\/a>\u00a0\/ Blusa <a href=\"https:\/\/www.instagram.com\/opheliasr\/\">@Ophelia Showroom<\/a>  Jeans <a href=\"https:\/\/www.instagram.com\/another_showroom\/\">@Another Showroom<\/a><\/figcaption><\/figure>\n\n\n\n<p>Tu crecimiento en este a\u00f1o ha sido muy grande, cu\u00e9ntanos \u00bfqu\u00e9 implica para ti tener a esos millones de seguidores y la responsabilidad de esto?<\/p>\n\n\n\n<p>Doris Jocelyn: Mucha responsabilidad, soy muy cuidadosa con mi contenido, siempre busco aportar algo positivo y sobre todo que me haga feliz, deseo que me sigan permitiendo crear inspiraci\u00f3n para futuras generaciones.<\/p>\n\n\n\n<p>El mundo de redes sociales es enorme \u00bfCu\u00e1l consideras sea tu plataforma favorita y por qu\u00e9?<\/p>\n\n\n\n<p>Doris Jocelyn: \u00a0\u00a0YouTube, porque es una plataforma que se interesa en sus creadores, en mantenerlos en constante creaci\u00f3n con incentivos motivaciones, y reconocimiento en la comunidad. Nos alientan a seguir el rumbo que queramos sin importar que tan diverso sea.<\/p>\n\n\n\n<figure class=\"wp-block-image size-large\"><img loading=\"lazy\" decoding=\"async\" width=\"683\" height=\"1024\" src=\"https:\/\/www.socialiteen.com\/wp-content\/uploads\/2023\/07\/0A7A8712-683x1024.jpg\" alt=\"\" class=\"wp-image-12364\" srcset=\"https:\/\/www.socialiteen.com\/wp-content\/uploads\/2023\/07\/0A7A8712-683x1024.jpg 683w, https:\/\/www.socialiteen.com\/wp-content\/uploads\/2023\/07\/0A7A8712-200x300.jpg 200w, https:\/\/www.socialiteen.com\/wp-content\/uploads\/2023\/07\/0A7A8712-768x1152.jpg 768w, https:\/\/www.socialiteen.com\/wp-content\/uploads\/2023\/07\/0A7A8712-1024x1536.jpg 1024w, https:\/\/www.socialiteen.com\/wp-content\/uploads\/2023\/07\/0A7A8712-1365x2048.jpg 1365w, https:\/\/www.socialiteen.com\/wp-content\/uploads\/2023\/07\/0A7A8712-scaled.jpg 1707w\" sizes=\"auto, (max-width: 683px) 100vw, 683px\" \/><figcaption>Photo\u00a0<a href=\"https:\/\/www.instagram.com\/diego_euroza\/\">@diego_euroza<\/a>\u00a0\/ Makeup\u00a0<a href=\"https:\/\/www.instagram.com\/naathcastillomk\/\">@naathcastillomk<\/a>\u00a0\/ Hair\u00a0<a href=\"https:\/\/www.instagram.com\/juliodelatorrehair\/\">@juliodelatorrehair<\/a>\u00a0\/ Stylist\u00a0<a href=\"https:\/\/www.instagram.com\/_mrproject\/\">@_mrproject<\/a>\u00a0<a href=\"https:\/\/www.instagram.com\/mrmikeju\/\">@mrmikeju<\/a>\u00a0\/ Look <a href=\"https:\/\/www.instagram.com\/opheliasr\/\">@Ophelia Showroom<\/a> <\/figcaption><\/figure>\n\n\n\n<p>Hoy en d\u00eda muchos buscan el \u00e9xito en redes sociales, pero muy pocos lo logran, cu\u00e9ntanos \u00bfcu\u00e1les consideras que sean las claves para triunfar en internet y ser viral?<\/p>\n\n\n\n<p>Doris Jocelyn: &nbsp;Creo que la clave esta en la originalidad, es algo importante, no obstante, puede haber saturaci\u00f3n en el tipo de contenido que te gustar\u00eda crear as\u00ed que hay que tener paciencia y ponerle tu toque especial.<\/p>\n\n\n\n<p>No cabe duda que, as\u00ed como hay personas que usan las redes sociales para mensajes positivos, hay personas que no \u00bfQu\u00e9 piensas el ciberbullying?<\/p>\n\n\n\n<p>Doris Jocelyn: \u00a0Siento que deber\u00eda de haber regulaciones para los creadores de contenido porque tiene que haber mucho m\u00e1s control sobre lo que comunicamos para que seamos m\u00e1s responsables al respeto. Al regular esto siento que podr\u00eda haber m\u00e1s retenci\u00f3n del bullying, al nosotros fomentar h\u00e1bitos positivos podemos hacer un cambio en esas personas, aunque sea solo un poco.<\/p>\n\n\n\n<figure class=\"wp-block-image size-large\"><img loading=\"lazy\" decoding=\"async\" width=\"683\" height=\"1024\" src=\"https:\/\/www.socialiteen.com\/wp-content\/uploads\/2023\/07\/0A7A8791-683x1024.jpg\" alt=\"\" class=\"wp-image-12374\" srcset=\"https:\/\/www.socialiteen.com\/wp-content\/uploads\/2023\/07\/0A7A8791-683x1024.jpg 683w, https:\/\/www.socialiteen.com\/wp-content\/uploads\/2023\/07\/0A7A8791-200x300.jpg 200w, https:\/\/www.socialiteen.com\/wp-content\/uploads\/2023\/07\/0A7A8791-768x1152.jpg 768w, https:\/\/www.socialiteen.com\/wp-content\/uploads\/2023\/07\/0A7A8791-1024x1536.jpg 1024w, https:\/\/www.socialiteen.com\/wp-content\/uploads\/2023\/07\/0A7A8791-1366x2048.jpg 1366w, https:\/\/www.socialiteen.com\/wp-content\/uploads\/2023\/07\/0A7A8791-scaled.jpg 1707w\" sizes=\"auto, (max-width: 683px) 100vw, 683px\" \/><figcaption>Photo\u00a0<a href=\"https:\/\/www.instagram.com\/diego_euroza\/\">@diego_euroza<\/a>\u00a0\/ Makeup\u00a0<a href=\"https:\/\/www.instagram.com\/naathcastillomk\/\">@naathcastillomk<\/a>\u00a0\/ Hair\u00a0<a href=\"https:\/\/www.instagram.com\/juliodelatorrehair\/\">@juliodelatorrehair<\/a>\u00a0\/ Stylist\u00a0<a href=\"https:\/\/www.instagram.com\/_mrproject\/\">@_mrproject<\/a>\u00a0<a href=\"https:\/\/www.instagram.com\/mrmikeju\/\">@mrmikeju<\/a>\u00a0\/ Botas <a href=\"https:\/\/www.instagram.com\/opheliasr\/\">@Ophelia Showroom<\/a>  Vestido <a href=\"https:\/\/www.instagram.com\/another_showroom\/\">@Another Showroom<\/a><\/figcaption><\/figure>\n\n\n\n<p>Queremos conocerte personalmente, nos gustar\u00eda que nos comentes \u00bfC\u00f3mo es Doris fuera de las c\u00e1maras, C\u00f3mo te describes (tu forma se ser)?<\/p>\n\n\n\n<p>Doris Jocelyn: &nbsp;Creo que mi personalidad no cambia tanto afuera de las c\u00e1maras, cuando estoy m\u00e1s relajada me encanta hacer a mi familia re\u00edr, y sobre todo apoyarlos en sus aventuras. Vivo una vida muy normal y activa, no puedo decir aburrida, estoy contenta con ella.<\/p>\n\n\n\n<p>\u00bfQu\u00e9 te motiva en la vida para alcanzar tus objetivos?<\/p>\n\n\n\n<p>Doris Jocelyn: &nbsp;Sin lugar a dudas mi familia.<\/p>\n\n\n\n<p>SUS FAVORITOS<\/p>\n\n\n\n<p>-Pel\u00edcula:&nbsp; Shrek 2<\/p>\n\n\n\n<p>-M\u00fasica o grupo: Wisin y Yandel<\/p>\n\n\n\n<p>-Comida: Enmoladas<\/p>\n\n\n\n<p>-Serie: Shingeki no Kyojin<\/p>\n\n\n\n<p>-Canci\u00f3n: Te Siento de Wisin y Yandel<\/p>\n\n\n\n<p>-Libro: ACOTAR<\/p>\n\n\n\n<p>-Perfume: Libre de YSL<\/p>\n\n\n\n<p>-Lugar: Puerto Vallarta<\/p>\n\n\n\n<p>-Dise\u00f1ador:&nbsp; Mugler&nbsp;&nbsp;&nbsp;&nbsp;&nbsp;&nbsp;<\/p>\n\n\n\n<p>-Pasatiempos: Patinar, Gym y Boxear<\/p>\n\n\n\n<figure class=\"wp-block-image size-large\"><img loading=\"lazy\" decoding=\"async\" width=\"683\" height=\"1024\" src=\"https:\/\/www.socialiteen.com\/wp-content\/uploads\/2023\/07\/0A7A8619-683x1024.jpg\" alt=\"\" class=\"wp-image-12366\" srcset=\"https:\/\/www.socialiteen.com\/wp-content\/uploads\/2023\/07\/0A7A8619-683x1024.jpg 683w, https:\/\/www.socialiteen.com\/wp-content\/uploads\/2023\/07\/0A7A8619-200x300.jpg 200w, https:\/\/www.socialiteen.com\/wp-content\/uploads\/2023\/07\/0A7A8619-768x1152.jpg 768w, https:\/\/www.socialiteen.com\/wp-content\/uploads\/2023\/07\/0A7A8619-1024x1536.jpg 1024w, https:\/\/www.socialiteen.com\/wp-content\/uploads\/2023\/07\/0A7A8619-1365x2048.jpg 1365w, https:\/\/www.socialiteen.com\/wp-content\/uploads\/2023\/07\/0A7A8619-scaled.jpg 1707w\" sizes=\"auto, (max-width: 683px) 100vw, 683px\" \/><figcaption>Photo\u00a0<a href=\"https:\/\/www.instagram.com\/diego_euroza\/\">@diego_euroza<\/a>\u00a0\/ Makeup\u00a0<a href=\"https:\/\/www.instagram.com\/naathcastillomk\/\">@naathcastillomk<\/a>\u00a0\/ Hair\u00a0<a href=\"https:\/\/www.instagram.com\/juliodelatorrehair\/\">@juliodelatorrehair<\/a>\u00a0\/ Stylist\u00a0<a href=\"https:\/\/www.instagram.com\/_mrproject\/\">@_mrproject<\/a>\u00a0<a href=\"https:\/\/www.instagram.com\/mrmikeju\/\">@mrmikeju<\/a>\u00a0\/ Blusa <a href=\"https:\/\/www.instagram.com\/opheliasr\/\">@Ophelia Showroom<\/a>  Jeans <a href=\"https:\/\/www.instagram.com\/another_showroom\/\">@Another Showroom<\/a><\/figcaption><\/figure>\n\n\n\n<p><\/p>\n\n\n\n<p>\u00bfQu\u00e9 es lo que m\u00e1s te gusta de ser influencer y lo que no te gusta?<\/p>\n\n\n\n<p>Doris Jocelyn: &nbsp;&nbsp;La libertad de crear contenido de mis gustos e intereses personales, es una cualidad que de verdad me encanta de ser influencer. Sin embargo, ser un objeto de cr\u00edticas sin que las personas sepan que ocurre detr\u00e1s de c\u00e1maras o como me siento realmente es un aspecto de mi trabajo que preferir\u00eda no tener.<\/p>\n\n\n\n<p>\u00bfCu\u00e1les consideras sean los momentos que han marcado tu carrera hasta el momento?<\/p>\n\n\n\n<p>Doris Jocelyn: \u00a0\u00a0Cuando llegu\u00e9 al mill\u00f3n de suscriptores en YouTube, ganar los TikTok Awards y otros premios, y cuando empec\u00e9 a trabajar con marcas globalmente reconocidas.<\/p>\n\n\n\n<figure class=\"wp-block-image size-large\"><img loading=\"lazy\" decoding=\"async\" width=\"683\" height=\"1024\" src=\"https:\/\/www.socialiteen.com\/wp-content\/uploads\/2023\/07\/0A7A8743-683x1024.jpg\" alt=\"\" class=\"wp-image-12368\" srcset=\"https:\/\/www.socialiteen.com\/wp-content\/uploads\/2023\/07\/0A7A8743-683x1024.jpg 683w, https:\/\/www.socialiteen.com\/wp-content\/uploads\/2023\/07\/0A7A8743-200x300.jpg 200w, https:\/\/www.socialiteen.com\/wp-content\/uploads\/2023\/07\/0A7A8743-768x1152.jpg 768w, https:\/\/www.socialiteen.com\/wp-content\/uploads\/2023\/07\/0A7A8743-1024x1536.jpg 1024w, https:\/\/www.socialiteen.com\/wp-content\/uploads\/2023\/07\/0A7A8743-1365x2048.jpg 1365w, https:\/\/www.socialiteen.com\/wp-content\/uploads\/2023\/07\/0A7A8743-scaled.jpg 1707w\" sizes=\"auto, (max-width: 683px) 100vw, 683px\" \/><figcaption>Photo\u00a0<a href=\"https:\/\/www.instagram.com\/diego_euroza\/\">@diego_euroza<\/a>\u00a0\/ Makeup\u00a0<a href=\"https:\/\/www.instagram.com\/naathcastillomk\/\">@naathcastillomk<\/a>\u00a0\/ Hair\u00a0<a href=\"https:\/\/www.instagram.com\/juliodelatorrehair\/\">@juliodelatorrehair<\/a>\u00a0\/ Stylist\u00a0<a href=\"https:\/\/www.instagram.com\/_mrproject\/\">@_mrproject<\/a>\u00a0<a href=\"https:\/\/www.instagram.com\/mrmikeju\/\">@mrmikeju<\/a>\u00a0\/ Look <a href=\"https:\/\/www.instagram.com\/opheliasr\/\">@Ophelia Showroom<\/a> <\/figcaption><\/figure>\n\n\n\n<p>Hemos visto que muchos influencers tambi\u00e9n optan por llevar su talento a la actuaci\u00f3n, conducci\u00f3n o la m\u00fasica, \u00bfte gustar\u00eda incursionar en nuevas \u00e1reas?<\/p>\n\n\n\n<p>Doris Jocelyn: \u00a0En un futuro siento que estar\u00eda interesante experimentar en la actuaci\u00f3n, me interesa en el \u00e1mbito de la comedia y el drama, siento que esto me llevar\u00eda a salir de mi zona de confort y con un poco de suerte, llegar a expandirla.<\/p>\n\n\n\n<figure class=\"wp-block-image size-large\"><img loading=\"lazy\" decoding=\"async\" width=\"683\" height=\"1024\" src=\"https:\/\/www.socialiteen.com\/wp-content\/uploads\/2023\/07\/0A7A8797-683x1024.jpg\" alt=\"\" class=\"wp-image-12369\" srcset=\"https:\/\/www.socialiteen.com\/wp-content\/uploads\/2023\/07\/0A7A8797-683x1024.jpg 683w, https:\/\/www.socialiteen.com\/wp-content\/uploads\/2023\/07\/0A7A8797-200x300.jpg 200w, https:\/\/www.socialiteen.com\/wp-content\/uploads\/2023\/07\/0A7A8797-768x1152.jpg 768w, https:\/\/www.socialiteen.com\/wp-content\/uploads\/2023\/07\/0A7A8797-1024x1536.jpg 1024w, https:\/\/www.socialiteen.com\/wp-content\/uploads\/2023\/07\/0A7A8797-1365x2048.jpg 1365w, https:\/\/www.socialiteen.com\/wp-content\/uploads\/2023\/07\/0A7A8797-scaled.jpg 1707w\" sizes=\"auto, (max-width: 683px) 100vw, 683px\" \/><figcaption>Photo\u00a0<a href=\"https:\/\/www.instagram.com\/diego_euroza\/\">@diego_euroza<\/a>\u00a0\/ Makeup\u00a0<a href=\"https:\/\/www.instagram.com\/naathcastillomk\/\">@naathcastillomk<\/a>\u00a0\/ Hair\u00a0<a href=\"https:\/\/www.instagram.com\/juliodelatorrehair\/\">@juliodelatorrehair<\/a>\u00a0\/ Stylist\u00a0<a href=\"https:\/\/www.instagram.com\/_mrproject\/\">@_mrproject<\/a>\u00a0<a href=\"https:\/\/www.instagram.com\/mrmikeju\/\">@mrmikeju<\/a>\u00a0\/ Botas <a href=\"https:\/\/www.instagram.com\/opheliasr\/\">@Ophelia Showroom<\/a>  Vestido <a href=\"https:\/\/www.instagram.com\/another_showroom\/\">@Another Showroom<\/a><\/figcaption><\/figure>\n\n\n\n<p>Para ir cerrando la entrevista \u00bfTienes en puerta nuevos proyectos para este a\u00f1o?<\/p>\n\n\n\n<p>Doris Jocelyn: &nbsp;Todav\u00eda es un secreto pero pr\u00f3ximamente sabr\u00e1n de nuevos lanzamientos que estoy emocionada por contarles.<\/p>\n\n\n\n<p>Personalmente o profesionalmente \u00bfa qui\u00e9n admiras?<\/p>\n\n\n\n<p>Doris Jocelyn: \u00a0\u00a0Profesionalmente a Vanessa Davis.<\/p>\n\n\n\n<figure class=\"wp-block-image size-large\"><img loading=\"lazy\" decoding=\"async\" width=\"683\" height=\"1024\" src=\"https:\/\/www.socialiteen.com\/wp-content\/uploads\/2023\/07\/0A7A8704-683x1024.jpg\" alt=\"\" class=\"wp-image-12371\" srcset=\"https:\/\/www.socialiteen.com\/wp-content\/uploads\/2023\/07\/0A7A8704-683x1024.jpg 683w, https:\/\/www.socialiteen.com\/wp-content\/uploads\/2023\/07\/0A7A8704-200x300.jpg 200w, https:\/\/www.socialiteen.com\/wp-content\/uploads\/2023\/07\/0A7A8704-768x1152.jpg 768w, https:\/\/www.socialiteen.com\/wp-content\/uploads\/2023\/07\/0A7A8704-1024x1536.jpg 1024w, https:\/\/www.socialiteen.com\/wp-content\/uploads\/2023\/07\/0A7A8704-1365x2048.jpg 1365w, https:\/\/www.socialiteen.com\/wp-content\/uploads\/2023\/07\/0A7A8704-scaled.jpg 1707w\" sizes=\"auto, (max-width: 683px) 100vw, 683px\" \/><figcaption>Photo\u00a0<a href=\"https:\/\/www.instagram.com\/diego_euroza\/\">@diego_euroza<\/a>\u00a0\/ Makeup\u00a0<a href=\"https:\/\/www.instagram.com\/naathcastillomk\/\">@naathcastillomk<\/a>\u00a0\/ Hair\u00a0<a href=\"https:\/\/www.instagram.com\/juliodelatorrehair\/\">@juliodelatorrehair<\/a>\u00a0\/ Stylist\u00a0<a href=\"https:\/\/www.instagram.com\/_mrproject\/\">@_mrproject<\/a>\u00a0<a href=\"https:\/\/www.instagram.com\/mrmikeju\/\">@mrmikeju<\/a>\u00a0\/ Look <a href=\"https:\/\/www.instagram.com\/opheliasr\/\">@Ophelia Showroom<\/a> <\/figcaption><\/figure>\n\n\n\n<p>\u00bfCu\u00e1l es tu visi\u00f3n a futuro (10 a\u00f1os)?<\/p>\n\n\n\n<p>Doris Jocelyn: Jubilarme, viajando y crear contenido como hobby.<\/p>\n\n\n\n<p>Por \u00faltimo \u00bfalg\u00fan mensaje que quieras dejar para tus fans y nuestros lectores?<\/p>\n\n\n\n<p>Doris Jocelyn: \u00a0Los amo mucho, gracias por ser parte de esta comunidad tan especial y por motivarme a seguir creando para ustedes, prometo seguir dando mi 200% para ustedes.<\/p>\n\n\n\n<p><\/p>\n\n\n\n<figure class=\"wp-block-image size-large\"><img loading=\"lazy\" decoding=\"async\" width=\"768\" height=\"1024\" src=\"https:\/\/www.socialiteen.com\/wp-content\/uploads\/2023\/07\/doris-768x1024.jpg\" alt=\"\" class=\"wp-image-12367\" srcset=\"https:\/\/www.socialiteen.com\/wp-content\/uploads\/2023\/07\/doris-768x1024.jpg 768w, https:\/\/www.socialiteen.com\/wp-content\/uploads\/2023\/07\/doris-225x300.jpg 225w, https:\/\/www.socialiteen.com\/wp-content\/uploads\/2023\/07\/doris-1152x1536.jpg 1152w, https:\/\/www.socialiteen.com\/wp-content\/uploads\/2023\/07\/doris.jpg 1536w\" sizes=\"auto, (max-width: 768px) 100vw, 768px\" \/><figcaption>Photo\u00a0<a href=\"https:\/\/www.instagram.com\/diego_euroza\/\">@diego_euroza<\/a>\u00a0\/ Makeup\u00a0<a href=\"https:\/\/www.instagram.com\/naathcastillomk\/\">@naathcastillomk<\/a>\u00a0\/ Hair\u00a0<a href=\"https:\/\/www.instagram.com\/juliodelatorrehair\/\">@juliodelatorrehair<\/a>\u00a0\/ Stylist\u00a0<a href=\"https:\/\/www.instagram.com\/_mrproject\/\">@_mrproject<\/a>\u00a0<a href=\"https:\/\/www.instagram.com\/mrmikeju\/\">@mrmikeju<\/a>\u00a0\/ Looks <a href=\"https:\/\/www.instagram.com\/opheliasr\/\">@Ophelia Showroom<\/a>   <a href=\"https:\/\/www.instagram.com\/another_showroom\/\">@Another Showroom<\/a><\/figcaption><\/figure>\n<div id=\"wp_fb_like_button\" style=\"margin:5px 5px 5px 0;float:left;height:100px;\"><script src=\"http:\/\/connect.facebook.net\/en_US\/all.js#xfbml=1\"><\/script><fb:like href=\"https:\/\/www.socialiteen.com\/?p=12361\" send=\"true\" layout=\"box_count\" width=\"450\" show_faces=\"true\" font=\"arial\" action=\"like\" colorscheme=\"light\"><\/fb:like><\/div>","protected":false},"excerpt":{"rendered":"<p>Este mes traemos en la entrevista exclusiva a una joven que gracias a su talento y autenticidad logra conquistar al p\u00fablico, con m\u00e1s de 2 millones de seguidores es sin duda una de las influencers del momento, ahora nos revela sus tips para lograr el \u00e9xito en social media y las vivencias que ha obtenido [&hellip;]<\/p>\n","protected":false},"author":95,"featured_media":12372,"comment_status":"open","ping_status":"closed","sticky":false,"template":"","format":"standard","meta":{"footnotes":""},"categories":[18,26,17],"tags":[],"class_list":["post-12361","post","type-post","status-publish","format-standard","has-post-thumbnail","hentry","category-chica-del-mes","category-entrevistas","category-patrocinadores"],"_links":{"self":[{"href":"https:\/\/www.socialiteen.com\/index.php?rest_route=\/wp\/v2\/posts\/12361","targetHints":{"allow":["GET"]}}],"collection":[{"href":"https:\/\/www.socialiteen.com\/index.php?rest_route=\/wp\/v2\/posts"}],"about":[{"href":"https:\/\/www.socialiteen.com\/index.php?rest_route=\/wp\/v2\/types\/post"}],"author":[{"embeddable":true,"href":"https:\/\/www.socialiteen.com\/index.php?rest_route=\/wp\/v2\/users\/95"}],"replies":[{"embeddable":true,"href":"https:\/\/www.socialiteen.com\/index.php?rest_route=%2Fwp%2Fv2%2Fcomments&post=12361"}],"version-history":[{"count":3,"href":"https:\/\/www.socialiteen.com\/index.php?rest_route=\/wp\/v2\/posts\/12361\/revisions"}],"predecessor-version":[{"id":12375,"href":"https:\/\/www.socialiteen.com\/index.php?rest_route=\/wp\/v2\/posts\/12361\/revisions\/12375"}],"wp:featuredmedia":[{"embeddable":true,"href":"https:\/\/www.socialiteen.com\/index.php?rest_route=\/wp\/v2\/media\/12372"}],"wp:attachment":[{"href":"https:\/\/www.socialiteen.com\/index.php?rest_route=%2Fwp%2Fv2%2Fmedia&parent=12361"}],"wp:term":[{"taxonomy":"category","embeddable":true,"href":"https:\/\/www.socialiteen.com\/index.php?rest_route=%2Fwp%2Fv2%2Fcategories&post=12361"},{"taxonomy":"post_tag","embeddable":true,"href":"https:\/\/www.socialiteen.com\/index.php?rest_route=%2Fwp%2Fv2%2Ftags&post=12361"}],"curies":[{"name":"wp","href":"https:\/\/api.w.org\/{rel}","templated":true}]}}