{"id":12141,"date":"2023-01-13T12:24:51","date_gmt":"2023-01-13T18:24:51","guid":{"rendered":"https:\/\/www.socialiteen.com\/?p=12141"},"modified":"2023-01-18T14:29:55","modified_gmt":"2023-01-18T20:29:55","slug":"ganadores-socialiteen-awards-2022","status":"publish","type":"post","link":"https:\/\/www.socialiteen.com\/?p=12141","title":{"rendered":"GANADORES SOCIALITEEN AWARDS 2022"},"content":{"rendered":"\n<p>\u00a1La espera ha terminado! La quinta edici\u00f3n de los Socialiteen Awards se realiz\u00f3 de manera virtual, donde por casi cuatro semanas los fans pudieron votar y elegir a los ganadores de la edici\u00f3n 2022, con m\u00e1s de 15 Millones de votos, los lectores pudieron premiar a sus l\u00edderes digitales favoritos y lo mejor del entretenimiento.<\/p>\n\n\n\n<p>Esta edici\u00f3n se dio a conocer un bloque de ganadores desde la gran manzana, en una de las pantallas principales de Times Square, donde los lectores latinos, que viven en la uni\u00f3n americana pudieron acercarse m\u00e1s a los Socialiteen Awards.<\/p>\n\n\n\n<p>La cantante Kenia Os se volvi\u00f3 a colocar como la m\u00e1xima ganadora de los premios al llevarse las categor\u00edas de \u201cSolista del A\u00f1o\u201d y \u201cArtista Viral\u201d, luego de ubicar todos sus temas en el top de las plataformas digitales y cerrar con dos \u00e1lbumes de estudio este 2022.<\/p>\n\n\n\n<figure class=\"wp-block-image size-large is-resized\"><img loading=\"lazy\" decoding=\"async\" src=\"https:\/\/www.socialiteen.com\/wp-content\/uploads\/2023\/01\/image00030-1-1024x572.png\" alt=\"\" class=\"wp-image-12151\" width=\"815\" height=\"455\" srcset=\"https:\/\/www.socialiteen.com\/wp-content\/uploads\/2023\/01\/image00030-1-1024x572.png 1024w, https:\/\/www.socialiteen.com\/wp-content\/uploads\/2023\/01\/image00030-1-300x168.png 300w, https:\/\/www.socialiteen.com\/wp-content\/uploads\/2023\/01\/image00030-1-768x429.png 768w, https:\/\/www.socialiteen.com\/wp-content\/uploads\/2023\/01\/image00030-1.png 1200w\" sizes=\"auto, (max-width: 815px) 100vw, 815px\" \/><\/figure>\n\n\n\n<p>En cuanto a moda se refiere, la elegida por el p\u00fablico como \u201cFashionista del a\u00f1o\u201d fue Belinda, quien gracias a su estilo y personalidad logr\u00f3 llevarse la categor\u00eda tal y como lo consiguiera en la edici\u00f3n de 2020, inspirando a millones de personas a lucir espectacular en todo momento.<\/p>\n\n\n\n<figure class=\"wp-block-embed is-type-video is-provider-youtube wp-block-embed-youtube wp-embed-aspect-16-9 wp-has-aspect-ratio\"><div class=\"wp-block-embed__wrapper\">\n<iframe loading=\"lazy\" title=\"Belinda\ud83c\udf89 Ganadora de la categor\u00eda \u201cFashionista del A\u00f1o\u201d\" width=\"500\" height=\"281\" src=\"https:\/\/www.youtube.com\/embed\/QW0AZcbbxbA?feature=oembed\" frameborder=\"0\" allow=\"accelerometer; autoplay; clipboard-write; encrypted-media; gyroscope; picture-in-picture; web-share\" referrerpolicy=\"strict-origin-when-cross-origin\" allowfullscreen><\/iframe>\n<\/div><\/figure>\n\n\n\n<p><\/p>\n\n\n\n<figure class=\"wp-block-image size-large is-resized\"><img loading=\"lazy\" decoding=\"async\" src=\"https:\/\/www.socialiteen.com\/wp-content\/uploads\/2023\/01\/image00035-1024x572.png\" alt=\"\" class=\"wp-image-12149\" width=\"820\" height=\"458\" srcset=\"https:\/\/www.socialiteen.com\/wp-content\/uploads\/2023\/01\/image00035-1024x572.png 1024w, https:\/\/www.socialiteen.com\/wp-content\/uploads\/2023\/01\/image00035-300x168.png 300w, https:\/\/www.socialiteen.com\/wp-content\/uploads\/2023\/01\/image00035-768x429.png 768w, https:\/\/www.socialiteen.com\/wp-content\/uploads\/2023\/01\/image00035.png 1200w\" sizes=\"auto, (max-width: 820px) 100vw, 820px\" \/><\/figure>\n\n\n\n<p>Sin duda una de las categor\u00edas principales fue \u201cInfluencer del a\u00f1o\u201d, la cual premia a los l\u00edderes femenino y masculino que se apoderaron de todas las redes sociales e internet este 2022, donde tras una ardua batalla de votos, pudieron consolidarse con el triunfo: Domelipa y \u201cEl Mariana\u201d, este \u00faltimo demostrando que los streamers se est\u00e1n posicionando fuertemente.<\/p>\n\n\n\n<figure class=\"wp-block-image size-large\"><img loading=\"lazy\" decoding=\"async\" width=\"1024\" height=\"572\" src=\"https:\/\/www.socialiteen.com\/wp-content\/uploads\/2023\/01\/image00032-1024x572.png\" alt=\"\" class=\"wp-image-12152\" srcset=\"https:\/\/www.socialiteen.com\/wp-content\/uploads\/2023\/01\/image00032-1024x572.png 1024w, https:\/\/www.socialiteen.com\/wp-content\/uploads\/2023\/01\/image00032-300x168.png 300w, https:\/\/www.socialiteen.com\/wp-content\/uploads\/2023\/01\/image00032-768x429.png 768w, https:\/\/www.socialiteen.com\/wp-content\/uploads\/2023\/01\/image00032.png 1200w\" sizes=\"auto, (max-width: 1024px) 100vw, 1024px\" \/><\/figure>\n\n\n\n<p>En cuanto a la nueva categor\u00eda que se agreg\u00f3 en esta edici\u00f3n: \u201cStreamer del a\u00f1o\u201d, la ganadora fue Samantha Rivera, mejor conocida como \u201cRivers\u201d, quien destaca en la plataforma \u201cTwitch\u201d y es la \u00fanica mexicana con presencia en el reciente y exitoso proyecto de la \u201cKings League\u201d.<\/p>\n\n\n\n<figure class=\"wp-block-image size-large\"><img loading=\"lazy\" decoding=\"async\" width=\"1024\" height=\"572\" src=\"https:\/\/www.socialiteen.com\/wp-content\/uploads\/2023\/01\/image00008-1024x572.png\" alt=\"\" class=\"wp-image-12153\" srcset=\"https:\/\/www.socialiteen.com\/wp-content\/uploads\/2023\/01\/image00008-1024x572.png 1024w, https:\/\/www.socialiteen.com\/wp-content\/uploads\/2023\/01\/image00008-300x168.png 300w, https:\/\/www.socialiteen.com\/wp-content\/uploads\/2023\/01\/image00008-768x429.png 768w, https:\/\/www.socialiteen.com\/wp-content\/uploads\/2023\/01\/image00008.png 1200w\" sizes=\"auto, (max-width: 1024px) 100vw, 1024px\" \/><\/figure>\n\n\n\n<p>Pero sin duda las redes sociales no ser\u00edan lo mismo sin los influencers que gracias a su trabajo se vuelven virales y \u201crompen\u201d internet, es por esto que en la categor\u00eda \u201cInfluencer Viral\u201d se reconoci\u00f3 a Yeri Mua, mientras que Kunno fue seleccionado por el reconocimiento masculino.<\/p>\n\n\n\n<figure class=\"wp-block-image size-large\"><img loading=\"lazy\" decoding=\"async\" width=\"1024\" height=\"572\" src=\"https:\/\/www.socialiteen.com\/wp-content\/uploads\/2023\/01\/image00024-1024x572.png\" alt=\"\" class=\"wp-image-12154\" srcset=\"https:\/\/www.socialiteen.com\/wp-content\/uploads\/2023\/01\/image00024-1024x572.png 1024w, https:\/\/www.socialiteen.com\/wp-content\/uploads\/2023\/01\/image00024-300x168.png 300w, https:\/\/www.socialiteen.com\/wp-content\/uploads\/2023\/01\/image00024-768x429.png 768w, https:\/\/www.socialiteen.com\/wp-content\/uploads\/2023\/01\/image00024.png 1200w\" sizes=\"auto, (max-width: 1024px) 100vw, 1024px\" \/><\/figure>\n\n\n\n<p>Por otra parte, se premi\u00f3 a la \u201cInfluencer Latina del a\u00f1o\u201d y fue Ignacia Antonia la seleccionada por el p\u00fablico, tambi\u00e9n se estableci\u00f3 por primera vez&nbsp; un reconocimiento especial a la influencer que fue la m\u00e1s comentada y \u201clikeada\u201d en las redes sociales de socialiteen durante todo un a\u00f1o, resultando ganadora Manelyk Gonz\u00e1lez.<\/p>\n\n\n\n<figure class=\"wp-block-image size-large\"><img loading=\"lazy\" decoding=\"async\" width=\"1024\" height=\"572\" src=\"https:\/\/www.socialiteen.com\/wp-content\/uploads\/2023\/01\/image00012-1024x572.png\" alt=\"\" class=\"wp-image-12155\" srcset=\"https:\/\/www.socialiteen.com\/wp-content\/uploads\/2023\/01\/image00012-1024x572.png 1024w, https:\/\/www.socialiteen.com\/wp-content\/uploads\/2023\/01\/image00012-300x168.png 300w, https:\/\/www.socialiteen.com\/wp-content\/uploads\/2023\/01\/image00012-768x429.png 768w, https:\/\/www.socialiteen.com\/wp-content\/uploads\/2023\/01\/image00012.png 1200w\" sizes=\"auto, (max-width: 1024px) 100vw, 1024px\" \/><\/figure>\n\n\n\n<p>Las redes sociales juegan un papel muy importante en la industria hoy en d\u00eda, es por esto que en la categor\u00eda \u201cRevelaci\u00f3n Digital Femenina del A\u00f1o\u201d se consagr\u00f3 Barbara (Barbie) N\u00fa\u00f1ez, mientras que el reconocimiento masculino fue para \u201cLa granja del borrego\u201d.<\/p>\n\n\n\n<figure class=\"wp-block-image size-large\"><img loading=\"lazy\" decoding=\"async\" width=\"1024\" height=\"572\" src=\"https:\/\/www.socialiteen.com\/wp-content\/uploads\/2023\/01\/image00028-1024x572.png\" alt=\"\" class=\"wp-image-12156\" srcset=\"https:\/\/www.socialiteen.com\/wp-content\/uploads\/2023\/01\/image00028-1024x572.png 1024w, https:\/\/www.socialiteen.com\/wp-content\/uploads\/2023\/01\/image00028-300x168.png 300w, https:\/\/www.socialiteen.com\/wp-content\/uploads\/2023\/01\/image00028-768x429.png 768w, https:\/\/www.socialiteen.com\/wp-content\/uploads\/2023\/01\/image00028.png 1200w\" sizes=\"auto, (max-width: 1024px) 100vw, 1024px\" \/><\/figure>\n\n\n\n<p>Siguiendo la premiaci\u00f3n en redes sociales, los principales lideres de cada una fueron premiamos; teniendo como \u201cInstagrammer del a\u00f1o\u201d a Tammy Parra, de igual forma se reconoci\u00f3 a la \u201cInstagrammer revelaci\u00f3n\u201d donde las hermanas JM (Odalys y Dafnne)se llevaron el triunfo.<\/p>\n\n\n\n<figure class=\"wp-block-image size-large\"><img loading=\"lazy\" decoding=\"async\" width=\"1024\" height=\"572\" src=\"https:\/\/www.socialiteen.com\/wp-content\/uploads\/2023\/01\/image00029-1024x572.png\" alt=\"\" class=\"wp-image-12157\" srcset=\"https:\/\/www.socialiteen.com\/wp-content\/uploads\/2023\/01\/image00029-1024x572.png 1024w, https:\/\/www.socialiteen.com\/wp-content\/uploads\/2023\/01\/image00029-300x168.png 300w, https:\/\/www.socialiteen.com\/wp-content\/uploads\/2023\/01\/image00029-768x429.png 768w, https:\/\/www.socialiteen.com\/wp-content\/uploads\/2023\/01\/image00029.png 1200w\" sizes=\"auto, (max-width: 1024px) 100vw, 1024px\" \/><\/figure>\n\n\n\n<p>La \u201cInstagrammer viral del 2022\u201d fue para Mar de Regil, mientras que Legna Hern\u00e1ndez se llev\u00f3 el premio \u201cInstagrammer destacada\u201d, en cuanto al premio a \u201cT!ktoker del a\u00f1o\u201d femenil fue para \u201cChinguamiga\u201d.<\/p>\n\n\n\n<figure class=\"wp-block-image size-large\"><img loading=\"lazy\" decoding=\"async\" width=\"1024\" height=\"572\" src=\"https:\/\/www.socialiteen.com\/wp-content\/uploads\/2023\/01\/image00019-1024x572.png\" alt=\"\" class=\"wp-image-12158\" srcset=\"https:\/\/www.socialiteen.com\/wp-content\/uploads\/2023\/01\/image00019-1024x572.png 1024w, https:\/\/www.socialiteen.com\/wp-content\/uploads\/2023\/01\/image00019-300x168.png 300w, https:\/\/www.socialiteen.com\/wp-content\/uploads\/2023\/01\/image00019-768x429.png 768w, https:\/\/www.socialiteen.com\/wp-content\/uploads\/2023\/01\/image00019.png 1200w\" sizes=\"auto, (max-width: 1024px) 100vw, 1024px\" \/><\/figure>\n\n\n\n<p>&nbsp; \u201cHotspanish\u201d se consagr\u00f3 en la versi\u00f3n masculina, la categor\u00eda m\u00e1s cerrada que se decidi\u00f3 hasta el \u00faltimo minuto de la votaci\u00f3n, en cuanto a la \u201cT!ktoker revelaci\u00f3n\u201d fue Eloisa Os la encargada de llevarse el galard\u00f3n.<\/p>\n\n\n\n<figure class=\"wp-block-image size-large\"><img loading=\"lazy\" decoding=\"async\" width=\"1024\" height=\"572\" src=\"https:\/\/www.socialiteen.com\/wp-content\/uploads\/2023\/01\/image00020-1024x572.png\" alt=\"\" class=\"wp-image-12159\" srcset=\"https:\/\/www.socialiteen.com\/wp-content\/uploads\/2023\/01\/image00020-1024x572.png 1024w, https:\/\/www.socialiteen.com\/wp-content\/uploads\/2023\/01\/image00020-300x168.png 300w, https:\/\/www.socialiteen.com\/wp-content\/uploads\/2023\/01\/image00020-768x429.png 768w, https:\/\/www.socialiteen.com\/wp-content\/uploads\/2023\/01\/image00020.png 1200w\" sizes=\"auto, (max-width: 1024px) 100vw, 1024px\" \/><\/figure>\n\n\n\n<p>De igual forma se premi\u00f3 a la influencer que destaca en la red social Instagram a sus fotograf\u00edas con los mejores outfits, resultando ganadora Carolina Ross.<\/p>\n\n\n\n<figure class=\"wp-block-image size-large\"><img loading=\"lazy\" decoding=\"async\" width=\"1024\" height=\"572\" src=\"https:\/\/www.socialiteen.com\/wp-content\/uploads\/2023\/01\/image00023-1024x572.png\" alt=\"\" class=\"wp-image-12160\" srcset=\"https:\/\/www.socialiteen.com\/wp-content\/uploads\/2023\/01\/image00023-1024x572.png 1024w, https:\/\/www.socialiteen.com\/wp-content\/uploads\/2023\/01\/image00023-300x168.png 300w, https:\/\/www.socialiteen.com\/wp-content\/uploads\/2023\/01\/image00023-768x429.png 768w, https:\/\/www.socialiteen.com\/wp-content\/uploads\/2023\/01\/image00023.png 1200w\" sizes=\"auto, (max-width: 1024px) 100vw, 1024px\" \/><\/figure>\n\n\n\n<p>La conducci\u00f3n tambi\u00e9n destac\u00f3 este 2022, por ello el galard\u00f3n a mejor conductora fue ganado por Mati \u00c1lvarez, quien resalta conduciendo el programa \u201cVenga la Alegr\u00eda fin de Semana\u201d.<\/p>\n\n\n\n<figure class=\"wp-block-image size-large\"><img loading=\"lazy\" decoding=\"async\" width=\"1024\" height=\"572\" src=\"https:\/\/www.socialiteen.com\/wp-content\/uploads\/2023\/01\/image00014-1024x572.png\" alt=\"\" class=\"wp-image-12161\" srcset=\"https:\/\/www.socialiteen.com\/wp-content\/uploads\/2023\/01\/image00014-1024x572.png 1024w, https:\/\/www.socialiteen.com\/wp-content\/uploads\/2023\/01\/image00014-300x168.png 300w, https:\/\/www.socialiteen.com\/wp-content\/uploads\/2023\/01\/image00014-768x429.png 768w, https:\/\/www.socialiteen.com\/wp-content\/uploads\/2023\/01\/image00014.png 1200w\" sizes=\"auto, (max-width: 1024px) 100vw, 1024px\" \/><\/figure>\n\n\n\n<p>En las categor\u00edas musicales, el \u201cArtista del a\u00f1o\u201d fue para Bad Bunny, mientras que \u201cArtista Latina\u201d fue para Tini, el cantante que destac\u00f3 por sus temas fue Sebasti\u00e1n Yatra al colocarse como el \u201cArtista Viral del a\u00f1o\u201d.<\/p>\n\n\n\n<figure class=\"wp-block-image size-large\"><img loading=\"lazy\" decoding=\"async\" width=\"1024\" height=\"572\" src=\"https:\/\/www.socialiteen.com\/wp-content\/uploads\/2023\/01\/image00004-1024x572.png\" alt=\"\" class=\"wp-image-12162\" srcset=\"https:\/\/www.socialiteen.com\/wp-content\/uploads\/2023\/01\/image00004-1024x572.png 1024w, https:\/\/www.socialiteen.com\/wp-content\/uploads\/2023\/01\/image00004-300x168.png 300w, https:\/\/www.socialiteen.com\/wp-content\/uploads\/2023\/01\/image00004-768x429.png 768w, https:\/\/www.socialiteen.com\/wp-content\/uploads\/2023\/01\/image00004.png 1200w\" sizes=\"auto, (max-width: 1024px) 100vw, 1024px\" \/><\/figure>\n\n\n\n<p>De igual forma se reconoci\u00f3 al nuevo talento, teniendo como \u201cArtista Revelaci\u00f3n\u201d femenina a Cesia S\u00e1enz y en la categor\u00eda masculina a Andresse.<\/p>\n\n\n\n<figure class=\"wp-block-image size-large\"><img loading=\"lazy\" decoding=\"async\" width=\"1024\" height=\"572\" src=\"https:\/\/www.socialiteen.com\/wp-content\/uploads\/2023\/01\/image00026-1024x572.png\" alt=\"\" class=\"wp-image-12163\" srcset=\"https:\/\/www.socialiteen.com\/wp-content\/uploads\/2023\/01\/image00026-1024x572.png 1024w, https:\/\/www.socialiteen.com\/wp-content\/uploads\/2023\/01\/image00026-300x168.png 300w, https:\/\/www.socialiteen.com\/wp-content\/uploads\/2023\/01\/image00026-768x429.png 768w, https:\/\/www.socialiteen.com\/wp-content\/uploads\/2023\/01\/image00026.png 1200w\" sizes=\"auto, (max-width: 1024px) 100vw, 1024px\" \/><\/figure>\n\n\n\n<figure class=\"wp-block-image size-large\"><img loading=\"lazy\" decoding=\"async\" width=\"1024\" height=\"572\" src=\"https:\/\/www.socialiteen.com\/wp-content\/uploads\/2023\/01\/image00011-1024x572.png\" alt=\"\" class=\"wp-image-12164\" srcset=\"https:\/\/www.socialiteen.com\/wp-content\/uploads\/2023\/01\/image00011-1024x572.png 1024w, https:\/\/www.socialiteen.com\/wp-content\/uploads\/2023\/01\/image00011-300x168.png 300w, https:\/\/www.socialiteen.com\/wp-content\/uploads\/2023\/01\/image00011-768x429.png 768w, https:\/\/www.socialiteen.com\/wp-content\/uploads\/2023\/01\/image00011.png 1200w\" sizes=\"auto, (max-width: 1024px) 100vw, 1024px\" \/><\/figure>\n\n\n\n<p>La actuaci\u00f3n fue reconocida, logr\u00e1ndose alzar con el triunfo en la categor\u00eda \u201cActriz Juvenil del a\u00f1o\u201d&nbsp; Macarena Garc\u00eda, quien enamorar\u00e1 a todo el p\u00fablico con sus participaciones en&nbsp; \u201cControl Z\u201d, \u201cMi secreto\u201d y varios proyectos.<\/p>\n\n\n\n<figure class=\"wp-block-image size-large\"><img loading=\"lazy\" decoding=\"async\" width=\"1024\" height=\"572\" src=\"https:\/\/www.socialiteen.com\/wp-content\/uploads\/2023\/01\/25AEECC9-1BBB-4B0B-B46D-2FE8EB329A10-1024x572.png\" alt=\"\" class=\"wp-image-12166\" srcset=\"https:\/\/www.socialiteen.com\/wp-content\/uploads\/2023\/01\/25AEECC9-1BBB-4B0B-B46D-2FE8EB329A10-1024x572.png 1024w, https:\/\/www.socialiteen.com\/wp-content\/uploads\/2023\/01\/25AEECC9-1BBB-4B0B-B46D-2FE8EB329A10-300x168.png 300w, https:\/\/www.socialiteen.com\/wp-content\/uploads\/2023\/01\/25AEECC9-1BBB-4B0B-B46D-2FE8EB329A10-768x429.png 768w, https:\/\/www.socialiteen.com\/wp-content\/uploads\/2023\/01\/25AEECC9-1BBB-4B0B-B46D-2FE8EB329A10.png 1200w\" sizes=\"auto, (max-width: 1024px) 100vw, 1024px\" \/><\/figure>\n\n\n\n<p> Mientras en la rama varonil Emilio Marcos se llev\u00f3 el galard\u00f3n, gracias a su participaci\u00f3n en la serie \u201cEl \u00faltimo rey\u201d; La actriz del a\u00f1o fue para Macarena Achaga por su participaci\u00f3n en proyectos como \u201cLa ira de Dios\u201d y \u201cTravesuras de la ni\u00f1a mala\u201d.<\/p>\n\n\n\n<figure class=\"wp-block-image size-large\"><img loading=\"lazy\" decoding=\"async\" width=\"1024\" height=\"572\" src=\"https:\/\/www.socialiteen.com\/wp-content\/uploads\/2023\/01\/image00013-1024x572.png\" alt=\"\" class=\"wp-image-12167\" srcset=\"https:\/\/www.socialiteen.com\/wp-content\/uploads\/2023\/01\/image00013-1024x572.png 1024w, https:\/\/www.socialiteen.com\/wp-content\/uploads\/2023\/01\/image00013-300x168.png 300w, https:\/\/www.socialiteen.com\/wp-content\/uploads\/2023\/01\/image00013-768x429.png 768w, https:\/\/www.socialiteen.com\/wp-content\/uploads\/2023\/01\/image00013.png 1200w\" sizes=\"auto, (max-width: 1024px) 100vw, 1024px\" \/><\/figure>\n\n\n\n<figure class=\"wp-block-image size-large\"><img loading=\"lazy\" decoding=\"async\" width=\"1024\" height=\"572\" src=\"https:\/\/www.socialiteen.com\/wp-content\/uploads\/2023\/01\/image00015-1024x572.png\" alt=\"\" class=\"wp-image-12168\" srcset=\"https:\/\/www.socialiteen.com\/wp-content\/uploads\/2023\/01\/image00015-1024x572.png 1024w, https:\/\/www.socialiteen.com\/wp-content\/uploads\/2023\/01\/image00015-300x168.png 300w, https:\/\/www.socialiteen.com\/wp-content\/uploads\/2023\/01\/image00015-768x429.png 768w, https:\/\/www.socialiteen.com\/wp-content\/uploads\/2023\/01\/image00015.png 1200w\" sizes=\"auto, (max-width: 1024px) 100vw, 1024px\" \/><\/figure>\n\n\n\n<p>Pasamos al \u00e1mbito deportivo, iniciando con la premiaci\u00f3n a la \u201cDeportista Internacional del a\u00f1o\u201d ganado por la neerlandesa Jutta Leerdam que compite en patinaje de velocidad sobre hielo y consiguiera ser doble medallista ol\u00edmpica en los Juegos de Invierno de Pek\u00edn 2022.<\/p>\n\n\n\n<figure class=\"wp-block-image size-large\"><img loading=\"lazy\" decoding=\"async\" width=\"1024\" height=\"572\" src=\"https:\/\/www.socialiteen.com\/wp-content\/uploads\/2023\/01\/image00001-1024x572.png\" alt=\"\" class=\"wp-image-12169\" srcset=\"https:\/\/www.socialiteen.com\/wp-content\/uploads\/2023\/01\/image00001-1024x572.png 1024w, https:\/\/www.socialiteen.com\/wp-content\/uploads\/2023\/01\/image00001-300x168.png 300w, https:\/\/www.socialiteen.com\/wp-content\/uploads\/2023\/01\/image00001-768x429.png 768w, https:\/\/www.socialiteen.com\/wp-content\/uploads\/2023\/01\/image00001.png 1200w\" sizes=\"auto, (max-width: 1024px) 100vw, 1024px\" \/><\/figure>\n\n\n\n<p>En cuanto a los deportistas revelaci\u00f3n del a\u00f1o, fueron seleccionados: Tatiana Flores, futbolista mexicana que destacar\u00e1 en el reciente Mundial Femenil Sub 17 realizado en la India, mientras que el reconocimiento masculino fue para Donovan Carrillo, patinador art\u00edstico mexicano, quien regresar\u00e1 a M\u00e9xico despu\u00e9s de muchos a\u00f1os a una final en los Juegos Ol\u00edmpicos de Invierno Beijing 2022, teniendo hasta el momento la mejor actuaci\u00f3n de su carrera.<\/p>\n\n\n\n<figure class=\"wp-block-image size-large\"><img loading=\"lazy\" decoding=\"async\" width=\"1024\" height=\"572\" src=\"https:\/\/www.socialiteen.com\/wp-content\/uploads\/2023\/01\/image00018-1024x572.png\" alt=\"\" class=\"wp-image-12170\" srcset=\"https:\/\/www.socialiteen.com\/wp-content\/uploads\/2023\/01\/image00018-1024x572.png 1024w, https:\/\/www.socialiteen.com\/wp-content\/uploads\/2023\/01\/image00018-300x168.png 300w, https:\/\/www.socialiteen.com\/wp-content\/uploads\/2023\/01\/image00018-768x429.png 768w, https:\/\/www.socialiteen.com\/wp-content\/uploads\/2023\/01\/image00018.png 1200w\" sizes=\"auto, (max-width: 1024px) 100vw, 1024px\" \/><\/figure>\n\n\n\n<figure class=\"wp-block-image size-large\"><img loading=\"lazy\" decoding=\"async\" width=\"1024\" height=\"572\" src=\"https:\/\/www.socialiteen.com\/wp-content\/uploads\/2023\/01\/image00017-1024x572.png\" alt=\"\" class=\"wp-image-12171\" srcset=\"https:\/\/www.socialiteen.com\/wp-content\/uploads\/2023\/01\/image00017-1024x572.png 1024w, https:\/\/www.socialiteen.com\/wp-content\/uploads\/2023\/01\/image00017-300x168.png 300w, https:\/\/www.socialiteen.com\/wp-content\/uploads\/2023\/01\/image00017-768x429.png 768w, https:\/\/www.socialiteen.com\/wp-content\/uploads\/2023\/01\/image00017.png 1200w\" sizes=\"auto, (max-width: 1024px) 100vw, 1024px\" \/><\/figure>\n\n\n\n<p>De igual forma se premi\u00f3 a la atleta que aparte de destacar y triunfar en el \u00e1mbito deportivo, brilla en redes sociales, con la categor\u00eda \u201cInfluencer Sporty\u201d llev\u00e1ndosela la jugadora profesional de futbol Jana Guti\u00e9rrez.<\/p>\n\n\n\n<figure class=\"wp-block-image size-large\"><img loading=\"lazy\" decoding=\"async\" width=\"1024\" height=\"572\" src=\"https:\/\/www.socialiteen.com\/wp-content\/uploads\/2023\/01\/image00034-1024x572.png\" alt=\"\" class=\"wp-image-12172\" srcset=\"https:\/\/www.socialiteen.com\/wp-content\/uploads\/2023\/01\/image00034-1024x572.png 1024w, https:\/\/www.socialiteen.com\/wp-content\/uploads\/2023\/01\/image00034-300x168.png 300w, https:\/\/www.socialiteen.com\/wp-content\/uploads\/2023\/01\/image00034-768x429.png 768w, https:\/\/www.socialiteen.com\/wp-content\/uploads\/2023\/01\/image00034.png 1200w\" sizes=\"auto, (max-width: 1024px) 100vw, 1024px\" \/><\/figure>\n\n\n\n<p>Marcando un nuevo r\u00e9cord llev\u00e1ndose por tercer a\u00f1o consecutivo la categor\u00eda, B\u00e1rbara de Regil triunf\u00f3 en \u201cInfluencer Fitness del a\u00f1o, llevando un mensaje positivo y de activaci\u00f3n f\u00edsica a millones de personas.<\/p>\n\n\n\n<figure class=\"wp-block-image size-large\"><img loading=\"lazy\" decoding=\"async\" width=\"1024\" height=\"572\" src=\"https:\/\/www.socialiteen.com\/wp-content\/uploads\/2023\/01\/image00027-1024x572.png\" alt=\"\" class=\"wp-image-12173\" srcset=\"https:\/\/www.socialiteen.com\/wp-content\/uploads\/2023\/01\/image00027-1024x572.png 1024w, https:\/\/www.socialiteen.com\/wp-content\/uploads\/2023\/01\/image00027-300x168.png 300w, https:\/\/www.socialiteen.com\/wp-content\/uploads\/2023\/01\/image00027-768x429.png 768w, https:\/\/www.socialiteen.com\/wp-content\/uploads\/2023\/01\/image00027.png 1200w\" sizes=\"auto, (max-width: 1024px) 100vw, 1024px\" \/><\/figure>\n\n\n\n<p>Por \u00faltimo, la categor\u00eda m\u00e1s esperada, la cual premia a los fans del a\u00f1o, en una cerrada votaci\u00f3n el fandom ganador fue de \u201cBTS\u201d, demostrando el poder del \u201carmy\u201d a pesar de la peque\u00f1a pausa de algunos de sus integrantes que se sumaron al Servicio Militar de su pa\u00eds.<\/p>\n\n\n\n<figure class=\"wp-block-image size-large\"><img loading=\"lazy\" decoding=\"async\" width=\"1024\" height=\"572\" src=\"https:\/\/www.socialiteen.com\/wp-content\/uploads\/2023\/01\/image00003-1024x572.png\" alt=\"\" class=\"wp-image-12174\" srcset=\"https:\/\/www.socialiteen.com\/wp-content\/uploads\/2023\/01\/image00003-1024x572.png 1024w, https:\/\/www.socialiteen.com\/wp-content\/uploads\/2023\/01\/image00003-300x168.png 300w, https:\/\/www.socialiteen.com\/wp-content\/uploads\/2023\/01\/image00003-768x429.png 768w, https:\/\/www.socialiteen.com\/wp-content\/uploads\/2023\/01\/image00003.png 1200w\" sizes=\"auto, (max-width: 1024px) 100vw, 1024px\" \/><\/figure>\n\n\n\n<p>\u00a1Muchas felicidades a todos los ganadores! Y un reconocimiento especial a todos los nominados que, con trabajo, talento y creatividad, Inspiran a miles de personas, pero sobre todo \u00a1gracias a ti! por los m\u00e1s de 15 millones de votos!, no te pierdas el contenido y sorpresas que tendremos este 2023 en socialiteen.com nos vemos en la pr\u00f3xima edici\u00f3n.<\/p>\n\n\n<div id=\"wp_fb_like_button\" style=\"margin:5px 5px 5px 0;float:left;height:100px;\"><script src=\"http:\/\/connect.facebook.net\/en_US\/all.js#xfbml=1\"><\/script><fb:like href=\"https:\/\/www.socialiteen.com\/?p=12141\" send=\"true\" layout=\"box_count\" width=\"450\" show_faces=\"true\" font=\"arial\" action=\"like\" colorscheme=\"light\"><\/fb:like><\/div>","protected":false},"excerpt":{"rendered":"<p>\u00a1La espera ha terminado! La quinta edici\u00f3n de los Socialiteen Awards se realiz\u00f3 de manera virtual, donde por casi cuatro semanas los fans pudieron votar y elegir a los ganadores de la edici\u00f3n 2022, con m\u00e1s de 15 Millones de votos, los lectores pudieron premiar a sus l\u00edderes digitales favoritos y lo mejor del entretenimiento. [&hellip;]<\/p>\n","protected":false},"author":95,"featured_media":12089,"comment_status":"open","ping_status":"closed","sticky":false,"template":"","format":"standard","meta":{"footnotes":""},"categories":[27],"tags":[],"class_list":["post-12141","post","type-post","status-publish","format-standard","has-post-thumbnail","hentry","category-socialiteen-awards"],"_links":{"self":[{"href":"https:\/\/www.socialiteen.com\/index.php?rest_route=\/wp\/v2\/posts\/12141","targetHints":{"allow":["GET"]}}],"collection":[{"href":"https:\/\/www.socialiteen.com\/index.php?rest_route=\/wp\/v2\/posts"}],"about":[{"href":"https:\/\/www.socialiteen.com\/index.php?rest_route=\/wp\/v2\/types\/post"}],"author":[{"embeddable":true,"href":"https:\/\/www.socialiteen.com\/index.php?rest_route=\/wp\/v2\/users\/95"}],"replies":[{"embeddable":true,"href":"https:\/\/www.socialiteen.com\/index.php?rest_route=%2Fwp%2Fv2%2Fcomments&post=12141"}],"version-history":[{"count":7,"href":"https:\/\/www.socialiteen.com\/index.php?rest_route=\/wp\/v2\/posts\/12141\/revisions"}],"predecessor-version":[{"id":12177,"href":"https:\/\/www.socialiteen.com\/index.php?rest_route=\/wp\/v2\/posts\/12141\/revisions\/12177"}],"wp:featuredmedia":[{"embeddable":true,"href":"https:\/\/www.socialiteen.com\/index.php?rest_route=\/wp\/v2\/media\/12089"}],"wp:attachment":[{"href":"https:\/\/www.socialiteen.com\/index.php?rest_route=%2Fwp%2Fv2%2Fmedia&parent=12141"}],"wp:term":[{"taxonomy":"category","embeddable":true,"href":"https:\/\/www.socialiteen.com\/index.php?rest_route=%2Fwp%2Fv2%2Fcategories&post=12141"},{"taxonomy":"post_tag","embeddable":true,"href":"https:\/\/www.socialiteen.com\/index.php?rest_route=%2Fwp%2Fv2%2Ftags&post=12141"}],"curies":[{"name":"wp","href":"https:\/\/api.w.org\/{rel}","templated":true}]}}