{"id":11958,"date":"2022-09-20T20:04:00","date_gmt":"2022-09-21T01:04:00","guid":{"rendered":"https:\/\/www.socialiteen.com\/?p=11958"},"modified":"2022-09-21T20:08:15","modified_gmt":"2022-09-22T01:08:15","slug":"vidcon-mexico-anuncia-su-lineup-musical","status":"publish","type":"post","link":"https:\/\/www.socialiteen.com\/?p=11958","title":{"rendered":"VidCon\u00a0M\u00e9xico anuncia su lineup musical\u00a0"},"content":{"rendered":"\n<p>El evento de creadores de contenido m\u00e1s esperado finalmente llega a Latinoam\u00e9rica para una celebraci\u00f3n en vivo de todo lo relacionado con el mundo digital. Pero, adem\u00e1s de los consejos de expertos, paneles y Meet &amp; Greets,&nbsp;VidCon&nbsp;M\u00e9xico anuncia su lineup de presentaciones musicales en el Coca-Cola Festival Stage y YouTube Stage.<\/p>\n\n\n\n<p>El s\u00e1bado 24,\u00a0Vidcon\u00a0M\u00e9xico\u00a0convertir\u00e1 dos de sus escenarios en un gran concierto donde artistas como Alex Hoyer, Lasso, Karol Sevilla y Mario Bautista har\u00e1n que tu experiencia en\u00a0VidCon\u00a0sea el mejor evento para recordar. \u00bfC\u00f3mo te imaginas que suene en vivo \u201cDementes\u201d de Alex Hoyer? \u00bfCrees que \u201cOjos Marrones\u201d de Lasso te haga llamarle a tu ex? Esperamos que no\u2026 Mejor \u201cA Bailar Bailar\u201d con Karol Sevilla y \u201cNo Digas Nada\u201d s\u00f3o ven a disfrutar de\u00a0VidCon\u00a0con Mario Bautista.<\/p>\n\n\n\n<figure class=\"wp-block-image size-large is-resized\"><img loading=\"lazy\" decoding=\"async\" src=\"https:\/\/www.socialiteen.com\/wp-content\/uploads\/2022\/09\/unnamed-26-1024x1024.jpg\" alt=\"\" class=\"wp-image-11959\" width=\"635\" height=\"635\" srcset=\"https:\/\/www.socialiteen.com\/wp-content\/uploads\/2022\/09\/unnamed-26-1024x1024.jpg 1024w, https:\/\/www.socialiteen.com\/wp-content\/uploads\/2022\/09\/unnamed-26-300x300.jpg 300w, https:\/\/www.socialiteen.com\/wp-content\/uploads\/2022\/09\/unnamed-26-150x150.jpg 150w, https:\/\/www.socialiteen.com\/wp-content\/uploads\/2022\/09\/unnamed-26-768x768.jpg 768w, https:\/\/www.socialiteen.com\/wp-content\/uploads\/2022\/09\/unnamed-26.jpg 1080w\" sizes=\"auto, (max-width: 635px) 100vw, 635px\" \/><\/figure>\n\n\n\n<p>\u00a1Elhype es real! Desde las 12 del d\u00eda,&nbsp;VidCon&nbsp;tendr\u00e1 una lista repleta de presentaciones especiales en vivo de algunos de los m\u00e1s grandes creadores y tus m\u00fasicos favoritos. Divi\u00e9rtete con tus amigos mientras escuchas algunas canciones incre\u00edbles y d\u00e9jate atrapar por la emoci\u00f3n.<\/p>\n\n\n\n<p>\u00bfYa sientes FOMO? Te compartimos la lista completa de presentaciones en el Coca-Cola Festival Stage para que te animes a asistir y no te quedes fuera:<\/p>\n\n\n\n<p>Coca-Cola Festival Stage<\/p>\n\n\n\n<p>Horario: 12:00pm &#8211; 5:30pm<\/p>\n\n\n\n<ul class=\"wp-block-list\"><li>The Mechanic<\/li><li>Valeria Canavati<\/li><li>Angel 22<\/li><li>Alan Wittles<\/li><li>Saak<\/li><li>Ghetto Kids<\/li><\/ul>\n\n\n\n<p>YouTube Stage<\/p>\n\n\n\n<p>Horario: 6:00pm &#8211; 9:30 pm<\/p>\n\n\n\n<ul class=\"wp-block-list\"><li>Alex Hoyer<\/li><li>Lasso<\/li><li>Karol Sevilla<\/li><li>Mario Bautista<\/li><\/ul>\n\n\n\n<figure class=\"wp-block-image size-large\"><img loading=\"lazy\" decoding=\"async\" width=\"576\" height=\"1024\" src=\"https:\/\/www.socialiteen.com\/wp-content\/uploads\/2022\/09\/unnamed-27-576x1024.jpg\" alt=\"\" class=\"wp-image-11960\" srcset=\"https:\/\/www.socialiteen.com\/wp-content\/uploads\/2022\/09\/unnamed-27-576x1024.jpg 576w, https:\/\/www.socialiteen.com\/wp-content\/uploads\/2022\/09\/unnamed-27-169x300.jpg 169w, https:\/\/www.socialiteen.com\/wp-content\/uploads\/2022\/09\/unnamed-27-768x1365.jpg 768w, https:\/\/www.socialiteen.com\/wp-content\/uploads\/2022\/09\/unnamed-27-864x1536.jpg 864w, https:\/\/www.socialiteen.com\/wp-content\/uploads\/2022\/09\/unnamed-27.jpg 1080w\" sizes=\"auto, (max-width: 576px) 100vw, 576px\" \/><\/figure>\n<div id=\"wp_fb_like_button\" style=\"margin:5px 5px 5px 0;float:left;height:100px;\"><script src=\"http:\/\/connect.facebook.net\/en_US\/all.js#xfbml=1\"><\/script><fb:like href=\"https:\/\/www.socialiteen.com\/?p=11958\" send=\"true\" layout=\"box_count\" width=\"450\" show_faces=\"true\" font=\"arial\" action=\"like\" colorscheme=\"light\"><\/fb:like><\/div>","protected":false},"excerpt":{"rendered":"<p>El evento de creadores de contenido m\u00e1s esperado finalmente llega a Latinoam\u00e9rica para una celebraci\u00f3n en vivo de todo lo relacionado con el mundo digital. Pero, adem\u00e1s de los consejos de expertos, paneles y Meet &amp; Greets,&nbsp;VidCon&nbsp;M\u00e9xico anuncia su lineup de presentaciones musicales en el Coca-Cola Festival Stage y YouTube Stage. El s\u00e1bado 24,\u00a0Vidcon\u00a0M\u00e9xico\u00a0convertir\u00e1 dos [&hellip;]<\/p>\n","protected":false},"author":95,"featured_media":11961,"comment_status":"open","ping_status":"closed","sticky":false,"template":"","format":"standard","meta":{"footnotes":""},"categories":[13],"tags":[],"class_list":["post-11958","post","type-post","status-publish","format-standard","has-post-thumbnail","hentry","category-eventos"],"_links":{"self":[{"href":"https:\/\/www.socialiteen.com\/index.php?rest_route=\/wp\/v2\/posts\/11958","targetHints":{"allow":["GET"]}}],"collection":[{"href":"https:\/\/www.socialiteen.com\/index.php?rest_route=\/wp\/v2\/posts"}],"about":[{"href":"https:\/\/www.socialiteen.com\/index.php?rest_route=\/wp\/v2\/types\/post"}],"author":[{"embeddable":true,"href":"https:\/\/www.socialiteen.com\/index.php?rest_route=\/wp\/v2\/users\/95"}],"replies":[{"embeddable":true,"href":"https:\/\/www.socialiteen.com\/index.php?rest_route=%2Fwp%2Fv2%2Fcomments&post=11958"}],"version-history":[{"count":1,"href":"https:\/\/www.socialiteen.com\/index.php?rest_route=\/wp\/v2\/posts\/11958\/revisions"}],"predecessor-version":[{"id":11962,"href":"https:\/\/www.socialiteen.com\/index.php?rest_route=\/wp\/v2\/posts\/11958\/revisions\/11962"}],"wp:featuredmedia":[{"embeddable":true,"href":"https:\/\/www.socialiteen.com\/index.php?rest_route=\/wp\/v2\/media\/11961"}],"wp:attachment":[{"href":"https:\/\/www.socialiteen.com\/index.php?rest_route=%2Fwp%2Fv2%2Fmedia&parent=11958"}],"wp:term":[{"taxonomy":"category","embeddable":true,"href":"https:\/\/www.socialiteen.com\/index.php?rest_route=%2Fwp%2Fv2%2Fcategories&post=11958"},{"taxonomy":"post_tag","embeddable":true,"href":"https:\/\/www.socialiteen.com\/index.php?rest_route=%2Fwp%2Fv2%2Ftags&post=11958"}],"curies":[{"name":"wp","href":"https:\/\/api.w.org\/{rel}","templated":true}]}}